{"id":1682,"date":"2025-10-01T18:13:01","date_gmt":"2025-10-01T18:13:01","guid":{"rendered":"https:\/\/canfrancpirineos2025wmtrc.com\/noticias\/?p=1682"},"modified":"2025-12-05T18:14:02","modified_gmt":"2025-12-05T18:14:02","slug":"canfrancpirineos-2025-deja-un-gran-impacto-economico-en-el-territorio-y-el-nivel-deportivo-mas-alto-de-la-historia-del-mundial","status":"publish","type":"post","link":"https:\/\/canfrancpirineos2025wmtrc.com\/noticias\/index.php\/2025\/10\/01\/canfrancpirineos-2025-deja-un-gran-impacto-economico-en-el-territorio-y-el-nivel-deportivo-mas-alto-de-la-historia-del-mundial\/","title":{"rendered":"CanfrancPirineos 2025 deja un gran impacto econ\u00f3mico en el territorio y el nivel deportivo m\u00e1s alto de la historia del Mundial"},"content":{"rendered":"\n<p class=\"wp-block-paragraph\"><strong>Cuando apenas ha transcurrido una semana desde la clausura del Campeonato del Mundo de Carreras de Monta\u00f1a y Trail Running CanfrancPirineos 2025, la organizaci\u00f3n comienza a realizar las primeras estimaciones de impacto econ\u00f3mico en el Pirineo, as\u00ed como los \u00edndices de difusi\u00f3n a nivel global a trav\u00e9s de las retransmisiones en <em>streaming<\/em>, redes sociales y medios de comunicaci\u00f3n especializados y generalistas. Todo indica que el Campeonato del Mundo ha superado en ambos aspectos todas las expectativas.<\/strong><\/p>\n\n\n\n<p class=\"wp-block-paragraph\">A la espera de tener unos datos m\u00e1s precisos, se puede adelantar que el Campeonato del Mundo de CanfrancPirineos ha generado un notable impacto econ\u00f3mico en el territorio, con una ocupaci\u00f3n hotelera del 100% durante la semana de competiciones y un efecto directo en otros sectores como transporte, hosteler\u00eda o comercio. El corredor formado por Jaca y Canfranc ha sido durante dos semanas el motor de la econom\u00eda de todo el territorio, con la llegada de miles de visitantes, junto a los deportistas y t\u00e9cnicos, que han elevado el ticket de consumo y han permitido reforzar la marca CanfrancPirineos a nivel global.<\/p>\n\n\n\n<p class=\"wp-block-paragraph\">A ello han contribuido decisivamente tambi\u00e9n las espectaculares audiencias en todo el mundo que han tenido las retransmisiones en streaming en ingl\u00e9s, franc\u00e9s y espa\u00f1ol de todas las carreras. El posicionamiento global del Pirineo como destino para el Trail Running era uno de los objetivos de los organizadores, el impacto que han tenido las retransmisiones diarias de las pruebas ha permitido alcanzar este objetivo.<\/p>\n\n\n\n<p class=\"wp-block-paragraph\">As\u00ed lo explica Fernando S\u00e1nchez, alcalde de Canfranc, quien se\u00f1ala que \u201cnuestro desaf\u00edo era hacer un Mundial adaptado al tama\u00f1o de nuestra localidad, pero que eso no limitara ni la capacidad de la organizaci\u00f3n ni el bienestar de los atletas ni la repercusi\u00f3n internacional del Campeonato. Hoy podemos decir que hemos conseguido todo lo que nos propusimos y adem\u00e1s hemos logrado que este haya sido un Mundial m\u00e1s humano, m\u00e1s cercano, y es algo que nos reconocen los deportistas\u201d.<\/p>\n\n\n\n<p class=\"wp-block-paragraph\">La presidenta de WMRA (World Mountain Running Association), Sarah Rowel, en nombre de la Asociaci\u00f3n Mundial de Carreras de Monta\u00f1a y Trail Running, formada por la WMRA, la IAU y la ITRA, recuerda que \u201ctrece naciones han ganado medallas, incluidas algunas como Nepal y Canad\u00e1 por primera vez, lo que demuestra el alcance global y la creciente profundidad del Trail y la carrera de monta\u00f1a\u201d.<\/p>\n\n\n\n<p class=\"wp-block-paragraph\">Rowell considera que CanfrancPirineos ha albergado un \u201cexitos\u00edsimo WMTRC25. Hemos disfrutado de cuatro d\u00edas de emocionantes competiciones con los mejores corredores de monta\u00f1a y Trail del mundo, sobre el impresionante y exigente terreno de la regi\u00f3n de Arag\u00f3n, en Espa\u00f1a\u201d. En este sentido apunta que \u201cleer los mensajes de agradecimiento de tantas federaciones miembros, mientras sus equipos viajan de regreso a casa por todo el mundo, demuestra cu\u00e1nto se ha valorado su trabajo\u201d.<\/p>\n\n\n\n<p class=\"wp-block-paragraph\">Alex Varela, director del Campeonato del Mundo, pone tambi\u00e9n el acento en los testimonios de los atletas participantes; \u201ctodos han valorado las excelencias de la monta\u00f1a pirenaica, la espectacularidad de los circuitos, la belleza de nuestros paisajes. El nivel deportivo ha sido el m\u00e1s alto de la historia, hemos vivido cada d\u00eda un espect\u00e1culo deportivo gracias al esfuerzo, sacrificio y entrega de los deportistas venidos de todo el mundo\u201d.<\/p>\n\n\n\n<p class=\"wp-block-paragraph\">Ahora es el turno de la ciudad sudafricana de Ciudad del Cabo, que albergar\u00e1 el Campeonato del Mundo en 2027. <a>La viceministra de Deporte, Artes y Cultura de la Rep\u00fablica de Sud\u00e1frica, Bertha Peace Mabe, asegur\u00f3 el d\u00eda de la clausura en Canfranc que \u201cal asumir la responsabilidad de ser anfitriones del Mundial de 2027, lo hacemos con humildad, pasi\u00f3n y un prop\u00f3sito claro. Estamos aprendiendo de los mejores, y al haber formado parte del Programa de Observadores aqu\u00ed en Canfranc, hemos adquirido conocimientos que nos guiar\u00e1n para llevar a cabo un evento que honre este legado\u201d.<\/a><\/p>\n\n\n\n<p class=\"wp-block-paragraph\"><\/p>\n","protected":false},"excerpt":{"rendered":"<p>Cuando apenas ha transcurrido una semana desde la clausura del Campeonato del Mundo de Carreras de Monta\u00f1a y Trail Running.. <span class=\"mil-el-more\"><span class=\"mil-link mil-dark mil-arrow-place mil-up\"><span>Leer M\u00e1s<\/span><\/span><\/span><\/p>\n","protected":false},"author":2,"featured_media":1683,"comment_status":"closed","ping_status":"open","sticky":false,"template":"","format":"standard","meta":{"_acf_changed":false,"footnotes":""},"categories":[1],"tags":[],"class_list":["post-1682","post","type-post","status-publish","format-standard","has-post-thumbnail","hentry","category-uncategorized"],"acf":[],"_links":{"self":[{"href":"https:\/\/canfrancpirineos2025wmtrc.com\/noticias\/index.php\/wp-json\/wp\/v2\/posts\/1682","targetHints":{"allow":["GET"]}}],"collection":[{"href":"https:\/\/canfrancpirineos2025wmtrc.com\/noticias\/index.php\/wp-json\/wp\/v2\/posts"}],"about":[{"href":"https:\/\/canfrancpirineos2025wmtrc.com\/noticias\/index.php\/wp-json\/wp\/v2\/types\/post"}],"author":[{"embeddable":true,"href":"https:\/\/canfrancpirineos2025wmtrc.com\/noticias\/index.php\/wp-json\/wp\/v2\/users\/2"}],"replies":[{"embeddable":true,"href":"https:\/\/canfrancpirineos2025wmtrc.com\/noticias\/index.php\/wp-json\/wp\/v2\/comments?post=1682"}],"version-history":[{"count":1,"href":"https:\/\/canfrancpirineos2025wmtrc.com\/noticias\/index.php\/wp-json\/wp\/v2\/posts\/1682\/revisions"}],"predecessor-version":[{"id":1684,"href":"https:\/\/canfrancpirineos2025wmtrc.com\/noticias\/index.php\/wp-json\/wp\/v2\/posts\/1682\/revisions\/1684"}],"wp:featuredmedia":[{"embeddable":true,"href":"https:\/\/canfrancpirineos2025wmtrc.com\/noticias\/index.php\/wp-json\/wp\/v2\/media\/1683"}],"wp:attachment":[{"href":"https:\/\/canfrancpirineos2025wmtrc.com\/noticias\/index.php\/wp-json\/wp\/v2\/media?parent=1682"}],"wp:term":[{"taxonomy":"category","embeddable":true,"href":"https:\/\/canfrancpirineos2025wmtrc.com\/noticias\/index.php\/wp-json\/wp\/v2\/categories?post=1682"},{"taxonomy":"post_tag","embeddable":true,"href":"https:\/\/canfrancpirineos2025wmtrc.com\/noticias\/index.php\/wp-json\/wp\/v2\/tags?post=1682"}],"curies":[{"name":"wp","href":"https:\/\/api.w.org\/{rel}","templated":true}]}}