{"id":1670,"date":"2025-09-26T17:56:08","date_gmt":"2025-09-26T17:56:08","guid":{"rendered":"https:\/\/canfrancpirineos2025wmtrc.com\/noticias\/?p=1670"},"modified":"2025-12-05T18:02:45","modified_gmt":"2025-12-05T18:02:45","slug":"frederic-tranchand-y-tove-alexandersson-rompen-records-en-el-short-trail-de-canfrancpirineos-2025","status":"publish","type":"post","link":"https:\/\/canfrancpirineos2025wmtrc.com\/noticias\/index.php\/2025\/09\/26\/frederic-tranchand-y-tove-alexandersson-rompen-records-en-el-short-trail-de-canfrancpirineos-2025\/","title":{"rendered":"Fr\u00e9d\u00e9ric Tranchand y Tove Alexandersson rompen r\u00e9cords en el Short Trail de CanfrancPirineos 2025"},"content":{"rendered":"\n<p class=\"wp-block-paragraph\"><em>Por Sergio Mayayo \/<\/em> <strong>El corredor franc\u00e9s Fr\u00e9d\u00e9ric Tranchand y la sueca Tove Alexandersson se han coronado Campeones del Mundo en la modalidad de Short Trail en la segunda jornada del Campeonato Mundial de Carreras de Monta\u00f1a y Trail Running, que se celebra hasta este domingo en la localidad de Canfranc, en el Pirineo Aragon\u00e9s.<\/strong><\/p>\n\n\n\n<h2 class=\"wp-block-heading\"><strong>FR\u00c9D\u00c9RIC TRANCHAND DOMINA DE PRINCIPIO A FIN<\/strong><\/h2>\n\n\n\n<p class=\"wp-block-paragraph\">En la categor\u00eda masculina, el dos veces campe\u00f3n Stian Angermund buscaba su tercer t\u00edtulo, un reto especialmente dif\u00edcil dado el alto nivel de sus rivales. Durante la primera gran subida al pico de La Moleta (2.572 m), corr\u00eda en el tr\u00edo de cabeza junto al franc\u00e9s Fr\u00e9d\u00e9ric Tranchand y el espa\u00f1ol Manuel Merillas, veterano y antiguo vencedor del Marat\u00f3n Canfranc-Canfranc.<\/p>\n\n\n\n<p class=\"wp-block-paragraph\">Fr\u00e9d\u00e9ric logr\u00f3 despegarse en el descenso t\u00e9cnico desde La Moleta hasta Canal Roya, llegando all\u00ed con m\u00e1s de un minuto de ventaja sobre Manuel y Stian. Mientras tanto, el resto del equipo espa\u00f1ol comenzaba a remontar posiciones desde atr\u00e1s. En el kil\u00f3metro 35, la remontada espa\u00f1ola estaba en pleno apogeo, con Fr\u00e9d\u00e9ric Tranchand en cabeza, seguido por Manuel Merillas, Andreu Blanes y Alain Santamar\u00eda, a 2, 8 y 9 minutos respectivamente. En el paso de monta\u00f1a final, antes del descenso hacia la meta, Tranchand lanz\u00f3 un ataque a fondo, cruzando la l\u00ednea de llegada como nuevo Campe\u00f3n del Mundo.<\/p>\n\n\n\n<p class=\"wp-block-paragraph\">Fr\u00e9d\u00e9ric Tranchand se llev\u00f3 el oro con un tiempo de 4:42:10, estableciendo un nuevo r\u00e9cord del recorrido. Manuel Merillas consigui\u00f3 la plata con 4:45:33, abriendo un triplete espa\u00f1ol completado por Andreu Blanes, bronce con 4:51:52, y Alain Santamar\u00eda, cuarto con 4:55:48.<\/p>\n\n\n\n<h2 class=\"wp-block-heading\"><strong>DECLARACIONES<\/strong><\/h2>\n\n\n\n<p class=\"wp-block-paragraph\">Fr\u00e9d\u00e9ric Tranchand (FRA), emocionado en la meta, declar\u00f3:<\/p>\n\n\n\n<p class=\"wp-block-paragraph\">&#8220;Hoy me sent\u00ed genial desde el inicio y disfrut\u00e9 de toda la carrera. Ataqu\u00e9 con decisi\u00f3n en el descenso de La Moleta, con cuidado de no pasarme, y mantuve un ritmo fuerte el resto del trayecto. Tuve un peque\u00f1o calambre al final, pero me mantuve concentrado y consegu\u00ed la victoria\u201d.<\/p>\n\n\n\n<p class=\"wp-block-paragraph\">Manuel Merillas (ESP) a\u00f1adi\u00f3:<\/p>\n\n\n\n<p class=\"wp-block-paragraph\">&#8220;Viv\u00ed en esta zona durante seis a\u00f1os, y estos son los senderos donde crec\u00ed como corredor de monta\u00f1a. Hace mucho que gan\u00e9 aqu\u00ed el Canfranc-Canfranc, y es muy especial volver para el Mundial. Como equipo, entrenamos muy bien y competimos de acuerdo al trabajo hecho. Estoy feliz por todos nosotros\u201d.<\/p>\n\n\n\n<p class=\"wp-block-paragraph\">Andreu Blanes (ESP), tercero absoluto, dijo:<\/p>\n\n\n\n<p class=\"wp-block-paragraph\">&#8220;Aceptamos el reto de subir de distancia, nos preparamos a conciencia y con cari\u00f1o, y aunque el recorrido no se adapta del todo a mi estilo, lo disfrut\u00e9 mucho. Corr\u00ed por sensaciones y estoy muy orgulloso del trabajo que hicimos. Sab\u00edamos que ten\u00edamos un gran equipo y me alegra que hayamos conseguido el oro por equipos.&#8221;<\/p>\n\n\n\n<h2 class=\"wp-block-heading\"><strong>ESPA\u00d1A GANA EL ORO POR EQUIPOS MASCULINO<\/strong><\/h2>\n\n\n\n<p class=\"wp-block-paragraph\">La puntuaci\u00f3n por equipos en el Short Trail se basa en la suma de tiempos de los tres mejores corredores de cada pa\u00eds. Los resultados fueron:<\/p>\n\n\n\n<p class=\"wp-block-paragraph\"><strong>Oro<\/strong>: Espa\u00f1a \u2013 14:33:13<\/p>\n\n\n\n<p class=\"wp-block-paragraph\"><strong>Plata<\/strong>: Francia \u2013 14:43:29<\/p>\n\n\n\n<p class=\"wp-block-paragraph\"><strong>Bronce<\/strong>: Italia \u2013 14:53:33<\/p>\n\n\n\n<h2 class=\"wp-block-heading\"><strong>TOVE ALEXANDERSSON SE SUPERA A S\u00cd MISMA<\/strong><\/h2>\n\n\n\n<p class=\"wp-block-paragraph\">La sueca Tove Alexandersson ya hab\u00eda demostrado su enorme potencial en este recorrido hace unas semanas en el Canfranc-Canfranc, donde marc\u00f3 un r\u00e9cord femenino de 5h38m, a pesar de sufrir una dura ca\u00edda que requiri\u00f3 atenci\u00f3n m\u00e9dica. Hoy, con esas cicatrices a\u00fan recientes, ofreci\u00f3 una actuaci\u00f3n a\u00fan m\u00e1s espectacular. Desde el inicio, Tove emprendi\u00f3 su misi\u00f3n personal, coronando la primera gran subida de 6 km a La Moleta con m\u00e1s de tres minutos de ventaja sobre sus perseguidoras. Sin bajar el ritmo, fue aumentando su ventaja, que lleg\u00f3 a 22 minutos en el km 28, en Candanch\u00fa.<\/p>\n\n\n\n<p class=\"wp-block-paragraph\">Detr\u00e1s, la lucha por la plata y el bronce se volv\u00eda intensa. La brit\u00e1nica Naomi Lang brill\u00f3 en el descenso t\u00e9cnico de La Moleta, coloc\u00e1ndose segunda en el punto de control de Canal Roya (km 16), seguida por la austr\u00edaca Anna Platner y la espa\u00f1ola Sara Alonso, quienes intercambiaron posiciones varias veces. En Candanch\u00fa, Naomi manten\u00eda el segundo puesto, pero Sara Alonso sigui\u00f3 luchando y logr\u00f3 adelantarla antes de Estiviellas, posici\u00f3n que defendi\u00f3 hasta la meta.<\/p>\n\n\n\n<p class=\"wp-block-paragraph\">Finalmente, Tove Alexandersson se proclam\u00f3 Campeona del Mundo con un impresionante tiempo de 5:04:20, rompiendo el r\u00e9cord anterior del circuito (5h15m) establecido por Thibaut Baronian en 2020. Sara Alonso se llev\u00f3 la plata con 5:38:15, y Naomi Lang el bronce con 5:38:54.<\/p>\n\n\n\n<h2 class=\"wp-block-heading\"><strong>DECLARACIONES<\/strong><\/h2>\n\n\n\n<p class=\"wp-block-paragraph\">Tove Alexandersson (SUE) declar\u00f3 en la meta:<\/p>\n\n\n\n<p class=\"wp-block-paragraph\">&#8220;Hoy fui m\u00e1s cuidadosa en los descensos para evitar repetir el accidente de hace tres semanas. Al principio me sent\u00ed algo m\u00e1s lenta subiendo a La Moleta, como si no pudiera correr a mi ritmo habitual. Pero en general, fue una gran carrera y disfrut\u00e9 mucho el recorrido\u201d.<\/p>\n\n\n\n<p class=\"wp-block-paragraph\">Sara Alonso (ESP), visiblemente feliz, dijo:<\/p>\n\n\n\n<p class=\"wp-block-paragraph\">&#8220;Es precioso volver aqu\u00ed, donde todo empez\u00f3 para m\u00ed como corredora de monta\u00f1a en 2020. Fue una lucha dura con Naomi, pero me sent\u00ed fuerte todo el d\u00eda y sent\u00ed el apoyo del p\u00fablico. La \u00faltima vez que la adelant\u00e9, hice un cambio de ritmo para que no pudiera cogerme en el descenso final\u2014y funcion\u00f3\u201d.<\/p>\n\n\n\n<p class=\"wp-block-paragraph\">Naomi Lang (GBR) coment\u00f3:<\/p>\n\n\n\n<p class=\"wp-block-paragraph\">&#8220;Fue mi primera carrera de monta\u00f1a en Espa\u00f1a y me encant\u00f3 el ambiente. Llegu\u00e9 el s\u00e1bado pasado y pude reconocer algunas partes del recorrido, sent\u00ed que se adaptaba bien a m\u00ed. La batalla con Sara fue genial, intercambiando posiciones en subidas y bajadas. Pens\u00e9 que podr\u00eda atraparla en la \u00faltima bajada, pero no me dio oportunidad\u201d.<\/p>\n\n\n\n<h2 class=\"wp-block-heading\"><strong>SUECIA GANA EL ORO POR EQUIPOS FEMENINO<\/strong><\/h2>\n\n\n\n<p class=\"wp-block-paragraph\"><strong>Oro<\/strong>: Suecia \u2013 17:14:42<\/p>\n\n\n\n<p class=\"wp-block-paragraph\"><strong>Plata<\/strong>: Espa\u00f1a \u2013 17:29:04<\/p>\n\n\n\n<p class=\"wp-block-paragraph\"><strong>Bronce<\/strong>: Francia \u2013 17:55:55<\/p>\n\n\n\n<h2 class=\"wp-block-heading\"><strong>SHORT TRAIL: UNA CARRERA QUE HACE HISTORIA EN CANFRANC<\/strong><\/h2>\n\n\n\n<p class=\"wp-block-paragraph\">El Short Trail del Mundial sigui\u00f3 el recorrido exacto del ic\u00f3nico Marat\u00f3n Canfranc-Canfranc. Desde su creaci\u00f3n, este trazado ha ganado reconocimiento por su mezcla \u00fanica de belleza alpina y exigencia f\u00edsica y t\u00e9cnica.<\/p>\n\n\n\n<p class=\"wp-block-paragraph\">Comienza con una subida vertical de 1.500 metros, para luego descender de forma r\u00e1pida y t\u00e9cnica hacia el valle de Izas. A continuaci\u00f3n, asciende un kil\u00f3metro vertical hasta Larraca, cruza el valle de Ast\u00fan y la estaci\u00f3n de esqu\u00ed de Candanch\u00fa. La parte final pasa por Loma Verde y la base del Pico Aspe, una de las zonas m\u00e1s espectaculares y salvajes, antes de alcanzar el collado de Estiviellas y comenzar el largo descenso por 122 legendarias zetas hasta la meta.<\/p>\n\n\n\n<h2 class=\"wp-block-heading\"><strong>PR\u00d3XIMAMENTE<\/strong><\/h2>\n\n\n\n<p class=\"wp-block-paragraph\">Las pruebas de Uphill y Short Trail ya han coronado a los primeros campeones del mundo en CanfrancPirineos 2025. A partir de ma\u00f1ana, el evento entra en su segunda mitad, prometiendo m\u00e1s momentos inolvidables y mostrando al mundo lo mejor del Pirineo Aragon\u00e9s.<\/p>\n\n\n\n<p class=\"wp-block-paragraph\"><strong>Long Trail<\/strong> \u2013 27 de septiembre \u2013 7:00 AM<\/p>\n\n\n\n<p class=\"wp-block-paragraph\"><strong>Classic &amp; U20<\/strong> \u2013 28 de septiembre \u2013 desde las 8:15 AM<\/p>\n\n\n\n<div class=\"wp-block-buttons is-layout-flex wp-block-buttons-is-layout-flex\">\n<div class=\"wp-block-button\"><a class=\"wp-block-button__link wp-element-button\" href=\"https:\/\/www.flickr.com\/photos\/203565352@N06\/albums\/72177720329290378\/\">FOTOS<\/a><\/div>\n<\/div>\n","protected":false},"excerpt":{"rendered":"<p>Por Sergio Mayayo \/ El corredor franc\u00e9s Fr\u00e9d\u00e9ric Tranchand y la sueca Tove Alexandersson se han coronado Campeones del Mundo.. <span class=\"mil-el-more\"><span class=\"mil-link mil-dark mil-arrow-place mil-up\"><span>Leer M\u00e1s<\/span><\/span><\/span><\/p>\n","protected":false},"author":2,"featured_media":1671,"comment_status":"closed","ping_status":"open","sticky":false,"template":"","format":"standard","meta":{"_acf_changed":false,"footnotes":""},"categories":[1],"tags":[],"class_list":["post-1670","post","type-post","status-publish","format-standard","has-post-thumbnail","hentry","category-uncategorized"],"acf":[],"_links":{"self":[{"href":"https:\/\/canfrancpirineos2025wmtrc.com\/noticias\/index.php\/wp-json\/wp\/v2\/posts\/1670","targetHints":{"allow":["GET"]}}],"collection":[{"href":"https:\/\/canfrancpirineos2025wmtrc.com\/noticias\/index.php\/wp-json\/wp\/v2\/posts"}],"about":[{"href":"https:\/\/canfrancpirineos2025wmtrc.com\/noticias\/index.php\/wp-json\/wp\/v2\/types\/post"}],"author":[{"embeddable":true,"href":"https:\/\/canfrancpirineos2025wmtrc.com\/noticias\/index.php\/wp-json\/wp\/v2\/users\/2"}],"replies":[{"embeddable":true,"href":"https:\/\/canfrancpirineos2025wmtrc.com\/noticias\/index.php\/wp-json\/wp\/v2\/comments?post=1670"}],"version-history":[{"count":2,"href":"https:\/\/canfrancpirineos2025wmtrc.com\/noticias\/index.php\/wp-json\/wp\/v2\/posts\/1670\/revisions"}],"predecessor-version":[{"id":1674,"href":"https:\/\/canfrancpirineos2025wmtrc.com\/noticias\/index.php\/wp-json\/wp\/v2\/posts\/1670\/revisions\/1674"}],"wp:featuredmedia":[{"embeddable":true,"href":"https:\/\/canfrancpirineos2025wmtrc.com\/noticias\/index.php\/wp-json\/wp\/v2\/media\/1671"}],"wp:attachment":[{"href":"https:\/\/canfrancpirineos2025wmtrc.com\/noticias\/index.php\/wp-json\/wp\/v2\/media?parent=1670"}],"wp:term":[{"taxonomy":"category","embeddable":true,"href":"https:\/\/canfrancpirineos2025wmtrc.com\/noticias\/index.php\/wp-json\/wp\/v2\/categories?post=1670"},{"taxonomy":"post_tag","embeddable":true,"href":"https:\/\/canfrancpirineos2025wmtrc.com\/noticias\/index.php\/wp-json\/wp\/v2\/tags?post=1670"}],"curies":[{"name":"wp","href":"https:\/\/api.w.org\/{rel}","templated":true}]}}