{"id":1666,"date":"2025-09-25T17:22:33","date_gmt":"2025-09-25T17:22:33","guid":{"rendered":"https:\/\/canfrancpirineos2025wmtrc.com\/noticias\/?p=1666"},"modified":"2025-12-05T17:26:39","modified_gmt":"2025-12-05T17:26:39","slug":"larraca-corona-a-remi-bonnet-y-nina-engelhard-en-la-uphill-del-campeonato-del-mundo-canfrancpirineos2025","status":"publish","type":"post","link":"https:\/\/canfrancpirineos2025wmtrc.com\/noticias\/index.php\/2025\/09\/25\/larraca-corona-a-remi-bonnet-y-nina-engelhard-en-la-uphill-del-campeonato-del-mundo-canfrancpirineos2025\/","title":{"rendered":"Larraca corona a Remi Bonnet y Nina Engelhard en la Uphill del Campeonato del Mundo CanfrancPirineos2025"},"content":{"rendered":"\n<p class=\"wp-block-paragraph\"><em>Por Sergio Mayayo \/<\/em> <strong>El corredor suizo Remi Bonnet y la alemana Nina Engelhard se han coronado campeones del mundo en la prueba Uphill en la primera jornada del Campeonatodel Mundo de Carreras de Monta\u00f1a y Trail Running, que se celebra hasta el pr\u00f3ximo domingo en la localidad de Canfranc, en el Pirineo espa\u00f1ol.<\/strong><\/p>\n\n\n\n<h2 class=\"wp-block-heading\"><strong>REMI BONNET DESTRONA AL BICAMP\u00c9ON PATRICK KIPNGENO<\/strong><\/h2>\n\n\n\n<p class=\"wp-block-paragraph\">En categor\u00eda masculina, el bicampe\u00f3n Patrick Kipngeno buscaba un triplete que se antojaba especialmente dif\u00edcil, tal como prob\u00f3 la carrera. Y es que el suizo R\u00e9mi Bonnet llegaba con una especial confianza a esta cita, sobre una traza en la que pod\u00eda desplegar su talento vertical. Tanto es as\u00ed que pasaba ya destacado en cabeza por el primer punto de control en el ecuador de la prueba. Le persegu\u00edan en ese momento Richard Omaha, compa\u00f1ero de equipo del campe\u00f3n, as\u00ed como el propio Patrick.<\/p>\n\n\n\n<p class=\"wp-block-paragraph\">Finalmente, Remi Bonnet no dio opci\u00f3n y se impuso logrando el oro en 37.50 y marcando r\u00e9cord del circuito. La plata fue para el keniata Richard Omaya con 39.04 y el bronce para su compatriota Patrick Kipngeno, el campe\u00f3n destronado, quien con una marca de 39.20 demostr\u00f3 que todav\u00eda tiene sitio en el podio del Uphill mundial<\/p>\n\n\n\n<p class=\"wp-block-paragraph\">En la meta Bonnet se\u00f1al\u00f3 que \u201cestoy muy contento de vencer aqu\u00ed, mi estilo de entrenamiento combinando esqu\u00ed de monta\u00f1a y Trail me hizo sentir con mucha confianza. Nunca es f\u00e1cil superar a los grandes corredores keniatas en la Uphill pero hoy lo he conseguido, muy contento por mi rendimiento\u201d.<\/p>\n\n\n\n<p class=\"wp-block-paragraph\">Por su parte el subcampe\u00f3n Richard Omaya explic\u00f3 que \u201cpasado el ecuador vi que Remi hab\u00eda logrado abrir una brecha demasiado amplia y me centr\u00e9 ya en mi popia carrera hasta meta. Me alegro tambi\u00e9n de que nuestro equipo de Kenia haya logrado un brillante resultado hoy\u201d.<\/p>\n\n\n\n<p class=\"wp-block-paragraph\">El campe\u00f3n vigente hasta hoy, Pastrick Kipngeno, recordaba que \u201ca partir del km 2 ya vi que el sue\u00f1o del triplete ser\u00eda imposible hoy, pues tanto Remi como Richard estaban tremendos. En cuanto al recorrido, me ha gustado mucho, me encantan estos paisajes y el ambiente alrededor\u201d.<\/p>\n\n\n\n<p class=\"wp-block-paragraph\"><strong>EQUIPOS<\/strong>: Oro para Kenia con 22 puntos. Plata para Suiza con 34 puntos y Bronce para EEUU con 41 puntos<\/p>\n\n\n\n<h2 class=\"wp-block-heading\"><strong>ORO FEMENINO PARA LA REINA EUROPEA NINA ENGELHARD<\/strong><\/h2>\n\n\n\n<p class=\"wp-block-paragraph\">La joven alemana Nina Engelhard llegaba con la vitola del bicampeonato europeo logrado en 2024 para Uphill y Classic. Hoy ha demostrado de nuevo su enorme talento firmando un magn\u00edfico oro mundial con 45.33 en meta, fijando un descomunal nuevo r\u00e9cord del circuito.<\/p>\n\n\n\n<p class=\"wp-block-paragraph\">La plata fue para la finlandesa Susana Saapunki, que no cej\u00f3 casi hasta meta de pelear por todo, entrando en 45.59 mientras el tercer caj\u00f3n fue para los Estados Unidos merced a la brava pelea de Anna Gibson en 46.07.<\/p>\n\n\n\n<p class=\"wp-block-paragraph\">Nina Engelhard reconoci\u00f3 en meta que hab\u00eda \u201cdado todo lo que ten\u00eda, tengo las piernas aun rotas. Ha sido un d\u00eda maravilloso por el trazado y los paisajes, pero aun necesitar\u00e9 varios d\u00edas para recuperar de este esfuerzo. Era todo muy transitable, excepto la arista final que apenas me permiti\u00f3 respirar\u201d.<\/p>\n\n\n\n<p class=\"wp-block-paragraph\">Por su parte, Susana Saapunki indic\u00f3 en meta que me he \u201csentido muy bien, pese a que en la \u00faltima parte mis piernas me estaban matando. A partir del km3 pens\u00e9 que quiz\u00e1 podr\u00eda tomar la cabeza, pero la arista final lo hizo imposible\u201d.<\/p>\n\n\n\n<p class=\"wp-block-paragraph\">Para la medalla de bronce, Anna Gibson, \u201cla \u00faltima secci\u00f3n fue tan dura que no pude plantearme ganar ninguna posici\u00f3n, pero a cambio el calor del p\u00fablico con mis amigos, compa\u00f1eras\u2026 ha sido un ambiente fant\u00e1stico. Estoy especialmente orgulloso del ambiente y la implicaci\u00f3n de todas mis compa\u00f1eras de equipo\u201d.<\/p>\n\n\n\n<p class=\"wp-block-paragraph\"><strong>EQUIPOS<\/strong>: Oro para Italia con 31 puntos. Plata para Francia con 36 puntos y Bronce para Canad\u00e1 con 41 puntos.<\/p>\n\n\n\n<h2 class=\"wp-block-heading\"><strong>Uphill: De Santa Cristina a Larraca<\/strong><\/h2>\n\n\n\n<p class=\"wp-block-paragraph\">El Uphill de Canfranc arrancaba frente al Hotel Santa Cristina a la misma vera del Camino de Santiago, desde donde los corredores ten\u00edan por delante una ascensi\u00f3n directa de 6km hasta coronar la cima de Larraca (2.278 m). En total, 978 metros de desnivel positivo, sin apenas descansos. Un trazado que condensa la filosof\u00eda del Uphill: m\u00e1xima intensidad en la m\u00ednima distancia.<\/p>\n\n\n\n<p class=\"wp-block-paragraph\">La ruta combina pistas forestales iniciales con un tramo central de sendero pedregoso, antes de encarar las zetas finales hacia una cima ic\u00f3nica en la vecina estaci\u00f3n de esqu\u00ed de Ast\u00fan. Especialmente agresivo fue el \u00faltimo kil\u00f3metro, una pared sin concesiones corriendo por terreno alpino de hierba y roca, donde la zancada se convierte en escalada r\u00edtmica.<\/p>\n\n\n\n<h2 class=\"wp-block-heading\"><strong>PR\u00d3XIMAS CITAS<\/strong><\/h2>\n\n\n\n<p class=\"wp-block-paragraph\">La Uphill ha coronado ya los primeros campeones del mundo en CanfrancPirineos, abriendo un fin de semana inolvidable que seguir\u00e1 dando grandes emociones, llevando lo mejor del Pirineo Aragon\u00e9s al mundo entero.<\/p>\n\n\n\n<p class=\"wp-block-paragraph\">\u2022&nbsp;&nbsp;&nbsp;&nbsp;&nbsp;&nbsp; Short Trail: 26SEP&nbsp; 8AM<\/p>\n\n\n\n<p class=\"wp-block-paragraph\">\u2022&nbsp;&nbsp;&nbsp;&nbsp;&nbsp;&nbsp; Long Trail 27SEP 7AM<\/p>\n\n\n\n<p class=\"wp-block-paragraph\">\u2022&nbsp;&nbsp;&nbsp;&nbsp;&nbsp;&nbsp; Classic y U20. 28SEP Salidas desde las 8.15<\/p>\n\n\n\n<div class=\"wp-block-buttons is-layout-flex wp-block-buttons-is-layout-flex\">\n<div class=\"wp-block-button\"><a class=\"wp-block-button__link wp-element-button\" href=\"https:\/\/www.flickr.com\/photos\/203565352@N06\/albums\/72177720329253561\/\">FOTOS<\/a><\/div>\n<\/div>\n","protected":false},"excerpt":{"rendered":"<p>Por Sergio Mayayo \/ El corredor suizo Remi Bonnet y la alemana Nina Engelhard se han coronado campeones del mundo.. <span class=\"mil-el-more\"><span class=\"mil-link mil-dark mil-arrow-place mil-up\"><span>Leer M\u00e1s<\/span><\/span><\/span><\/p>\n","protected":false},"author":2,"featured_media":1667,"comment_status":"closed","ping_status":"open","sticky":false,"template":"","format":"standard","meta":{"_acf_changed":false,"footnotes":""},"categories":[1],"tags":[],"class_list":["post-1666","post","type-post","status-publish","format-standard","has-post-thumbnail","hentry","category-uncategorized"],"acf":[],"_links":{"self":[{"href":"https:\/\/canfrancpirineos2025wmtrc.com\/noticias\/index.php\/wp-json\/wp\/v2\/posts\/1666","targetHints":{"allow":["GET"]}}],"collection":[{"href":"https:\/\/canfrancpirineos2025wmtrc.com\/noticias\/index.php\/wp-json\/wp\/v2\/posts"}],"about":[{"href":"https:\/\/canfrancpirineos2025wmtrc.com\/noticias\/index.php\/wp-json\/wp\/v2\/types\/post"}],"author":[{"embeddable":true,"href":"https:\/\/canfrancpirineos2025wmtrc.com\/noticias\/index.php\/wp-json\/wp\/v2\/users\/2"}],"replies":[{"embeddable":true,"href":"https:\/\/canfrancpirineos2025wmtrc.com\/noticias\/index.php\/wp-json\/wp\/v2\/comments?post=1666"}],"version-history":[{"count":2,"href":"https:\/\/canfrancpirineos2025wmtrc.com\/noticias\/index.php\/wp-json\/wp\/v2\/posts\/1666\/revisions"}],"predecessor-version":[{"id":1669,"href":"https:\/\/canfrancpirineos2025wmtrc.com\/noticias\/index.php\/wp-json\/wp\/v2\/posts\/1666\/revisions\/1669"}],"wp:featuredmedia":[{"embeddable":true,"href":"https:\/\/canfrancpirineos2025wmtrc.com\/noticias\/index.php\/wp-json\/wp\/v2\/media\/1667"}],"wp:attachment":[{"href":"https:\/\/canfrancpirineos2025wmtrc.com\/noticias\/index.php\/wp-json\/wp\/v2\/media?parent=1666"}],"wp:term":[{"taxonomy":"category","embeddable":true,"href":"https:\/\/canfrancpirineos2025wmtrc.com\/noticias\/index.php\/wp-json\/wp\/v2\/categories?post=1666"},{"taxonomy":"post_tag","embeddable":true,"href":"https:\/\/canfrancpirineos2025wmtrc.com\/noticias\/index.php\/wp-json\/wp\/v2\/tags?post=1666"}],"curies":[{"name":"wp","href":"https:\/\/api.w.org\/{rel}","templated":true}]}}