{"id":1652,"date":"2025-09-10T18:27:36","date_gmt":"2025-09-10T18:27:36","guid":{"rendered":"https:\/\/canfrancpirineos2025wmtrc.com\/noticias\/?p=1652"},"modified":"2025-09-10T18:27:39","modified_gmt":"2025-09-10T18:27:39","slug":"la-comarca-de-la-jacetania-y-el-ayuntamiento-de-canfranc-firman-un-convenio-para-el-campeonato-del-mundo","status":"publish","type":"post","link":"https:\/\/canfrancpirineos2025wmtrc.com\/noticias\/index.php\/2025\/09\/10\/la-comarca-de-la-jacetania-y-el-ayuntamiento-de-canfranc-firman-un-convenio-para-el-campeonato-del-mundo\/","title":{"rendered":"La Comarca de la Jacetania y el Ayuntamiento de Canfranc firman un convenio para el Campeonato del Mundo"},"content":{"rendered":"\n<p class=\"wp-block-paragraph\">La Comarca de la Jacetania y el Ayuntamiento de Canfranc han firmado hoy un convenio de colaboraci\u00f3n con el objetivo de impulsar el Campeonato del Mundo de Monta\u00f1a y Trail Running, cita deportiva que se desarrollar\u00e1 del 25 al 28 de septiembre en Canfranc.<\/p>\n\n\n\n<p class=\"wp-block-paragraph\">Esta firma significa la uni\u00f3n de ambas instituciones, que buscan promocionar los distintos municipios comarcales por medio de pruebas deportivas de \u00e1mbito local, nacional e internacional. En concreto, el Campeonato del Mundo de Monta\u00f1a y Trail Running es el protagonista, atrayendo m\u00e1s de 1700 atletas de 80 nacionalidades diferentes entre el 25 y 28 de septiembre. Durante esos d\u00edas, deportistas de talla mundial participar\u00e1n hasta en 5 modalidades diferentes: Uphill, Classic Up &amp; Down, Short Trail, Long Trail y la versi\u00f3n U20.<\/p>\n\n\n\n<p class=\"wp-block-paragraph\">La Comarca de la Jacetania colaborar\u00e1 con la disposici\u00f3n de medios tanto materiales como humanos por medio de la Agrupaci\u00f3n de Voluntarios de Protecci\u00f3n Civil. As\u00ed como con la selecci\u00f3n de Voluntarios de Acompa\u00f1amiento que ayudar\u00e1n a las diferentes comitivas y equipos participantes en labores de traducci\u00f3n, informaci\u00f3n y log\u00edstica, siempre en comunicaci\u00f3n con la organizaci\u00f3n del Campeonato.<\/p>\n\n\n\n<p class=\"wp-block-paragraph\">\u201cEsta cita es important\u00edsima para Canfranc, pero tambi\u00e9n para el Valle del Arag\u00f3n y toda la Comarca de la Jacetania. Es innegable su valor como actividad deportiva, pero tambi\u00e9n como promoci\u00f3n tur\u00edstica y motor de desarrollo econ\u00f3mico para nuestra zona\u201d, explica Olvido Moratinos, presidenta de la Comarca de la Jacetania.<\/p>\n\n\n\n<p class=\"wp-block-paragraph\"><\/p>\n\n\n\n<p class=\"wp-block-paragraph\"><strong> <\/strong><\/p>\n","protected":false},"excerpt":{"rendered":"<p>La Comarca de la Jacetania y el Ayuntamiento de Canfranc han firmado hoy un convenio de colaboraci\u00f3n con el objetivo.. <span class=\"mil-el-more\"><span class=\"mil-link mil-dark mil-arrow-place mil-up\"><span>Leer M\u00e1s<\/span><\/span><\/span><\/p>\n","protected":false},"author":2,"featured_media":1653,"comment_status":"closed","ping_status":"open","sticky":false,"template":"","format":"standard","meta":{"_acf_changed":false,"footnotes":""},"categories":[1],"tags":[],"class_list":["post-1652","post","type-post","status-publish","format-standard","has-post-thumbnail","hentry","category-uncategorized"],"acf":[],"_links":{"self":[{"href":"https:\/\/canfrancpirineos2025wmtrc.com\/noticias\/index.php\/wp-json\/wp\/v2\/posts\/1652","targetHints":{"allow":["GET"]}}],"collection":[{"href":"https:\/\/canfrancpirineos2025wmtrc.com\/noticias\/index.php\/wp-json\/wp\/v2\/posts"}],"about":[{"href":"https:\/\/canfrancpirineos2025wmtrc.com\/noticias\/index.php\/wp-json\/wp\/v2\/types\/post"}],"author":[{"embeddable":true,"href":"https:\/\/canfrancpirineos2025wmtrc.com\/noticias\/index.php\/wp-json\/wp\/v2\/users\/2"}],"replies":[{"embeddable":true,"href":"https:\/\/canfrancpirineos2025wmtrc.com\/noticias\/index.php\/wp-json\/wp\/v2\/comments?post=1652"}],"version-history":[{"count":1,"href":"https:\/\/canfrancpirineos2025wmtrc.com\/noticias\/index.php\/wp-json\/wp\/v2\/posts\/1652\/revisions"}],"predecessor-version":[{"id":1654,"href":"https:\/\/canfrancpirineos2025wmtrc.com\/noticias\/index.php\/wp-json\/wp\/v2\/posts\/1652\/revisions\/1654"}],"wp:featuredmedia":[{"embeddable":true,"href":"https:\/\/canfrancpirineos2025wmtrc.com\/noticias\/index.php\/wp-json\/wp\/v2\/media\/1653"}],"wp:attachment":[{"href":"https:\/\/canfrancpirineos2025wmtrc.com\/noticias\/index.php\/wp-json\/wp\/v2\/media?parent=1652"}],"wp:term":[{"taxonomy":"category","embeddable":true,"href":"https:\/\/canfrancpirineos2025wmtrc.com\/noticias\/index.php\/wp-json\/wp\/v2\/categories?post=1652"},{"taxonomy":"post_tag","embeddable":true,"href":"https:\/\/canfrancpirineos2025wmtrc.com\/noticias\/index.php\/wp-json\/wp\/v2\/tags?post=1652"}],"curies":[{"name":"wp","href":"https:\/\/api.w.org\/{rel}","templated":true}]}}