{"id":1649,"date":"2025-09-02T18:14:47","date_gmt":"2025-09-02T18:14:47","guid":{"rendered":"https:\/\/canfrancpirineos2025wmtrc.com\/noticias\/?p=1649"},"modified":"2025-09-10T18:16:24","modified_gmt":"2025-09-10T18:16:24","slug":"canfrancpirineos-2025-classic-cita-con-la-tricampeona-grayson-muprhy","status":"publish","type":"post","link":"https:\/\/canfrancpirineos2025wmtrc.com\/noticias\/index.php\/2025\/09\/02\/canfrancpirineos-2025-classic-cita-con-la-tricampeona-grayson-muprhy\/","title":{"rendered":"CanfrancPirineos 2025 Classic: Cita con la tricampeona Grayson Muprhy"},"content":{"rendered":"\n<p class=\"wp-block-paragraph\"><strong>La modalidad \u00a0Classic apuesta por una subida y bajada igualmente importantes, siendo una parte fundamental e hist\u00f3rica de esta cita mundial con entidad propia desde Edimburgo 1995. El palmar\u00e9s hist\u00f3rico del evento est\u00e1 dominado por la figura del italiano Marco de Gasperi, quien fuera campe\u00f3n del mundo Classic up &amp; down en 1997, 1999, 2001, 2003 y 2007.<\/strong><\/p>\n\n\n\n<p class=\"wp-block-paragraph\"><strong>MUNDIAL CANFRANCPIRINEOS 2025 CLASSIC: Un circuito para volar.<\/strong><\/p>\n\n\n\n<p class=\"wp-block-paragraph\">El Campeonato de Espa\u00f1a disputado en junio de 2025 en Canfranc tuvo su versi\u00f3n Classic en el mismo circuito que acoger\u00e1 este Mundial, donde <strong>Jan Torrella <\/strong>y <strong>Onditz Iturbe<\/strong> se alzaron como campeones absolutos tras una carrera vivida a ritmos trepidantes.<\/p>\n\n\n\n<p class=\"wp-block-paragraph\">Torrella impuso desde la segunda vuelta un cambio de marcha demoledor para ganar en 1:05:25, escoltado por \u00c1lex Garc\u00eda (2\u00ba) e Ibai Larrea (3\u00ba). En categor\u00eda femenina, Iturbe remont\u00f3 con car\u00e1cter en la segunda vuelta para lograr el oro, seguida de Claudia Est\u00e9vez, debutante y bronce nacional, consolidando su plaza para el Mundial<\/p>\n\n\n\n<p class=\"wp-block-paragraph\">Este fue el \u00faltimo escal\u00f3n antes del gran salto global de septiembre, convocando a 639 atletas (r\u00e9cord hist\u00f3rico), con transmisi\u00f3n en LaLiga+ y RFEAtv, y demostrando la pujanza del trail espa\u00f1ol.<\/p>\n\n\n\n<p class=\"wp-block-paragraph\"><strong>GRAYSON MURPHY: Bicampeona del Mundo y record Canfranccanfranc Classic.<\/strong><\/p>\n\n\n\n<p class=\"wp-block-paragraph\">Entre los pliegues de esa historia, emerge <strong>Grayson Murphy,<\/strong> &nbsp;tejedora de epopeyas en zapatillas. La trayectoria de esta joven ingeniera residente en Montana es mucho m\u00e1s que una cronolog\u00eda, es un viaje entre rel\u00e1mpagos de esfuerzo, barro, nieve y coraz\u00f3n<\/p>\n\n\n\n<p class=\"wp-block-paragraph\">Ella es la gran figura mundial del Classic en los \u00faltimos a\u00f1os, tras ser bicampeona del mundo en Patagonia 2019 e Innsbruck 2023 y firmar adem\u00e1s el record en la Canfranc Canfranc Classic tras su victoria en la Copa del Mundo aqu\u00ed disputada en 2021 donde dej\u00f3 una plusmarca femenina descomunal de&nbsp; que ni siquiera la leyenda keniana <strong>Joyce Njeru<\/strong> ha logrado mejorar en sus dos victorias posteriores en este meta.<\/p>\n\n\n\n<p class=\"wp-block-paragraph\"><strong>&nbsp;Murpphy ha elegido el Mundial CanfrancPirineos para dar su salto al Marat\u00f3n.<\/strong> Tras ganar la plaza como campeona en los trials de Marat\u00f3n estadounidenses, comparte aqu\u00ed con nosotros sus recuerdos de Patagonia, Innsbruck y Canfranc, as\u00ed como sus pr\u00f3ximas ilusiones de cara a nuestro pa\u00eds<\/p>\n\n\n\n<p class=\"wp-block-paragraph\"><strong>\u00bfC\u00f3mo te definir\u00edas para quien aun no te conoce, Grayson?<\/strong><\/p>\n\n\n\n<p class=\"wp-block-paragraph\">Estudi\u00e9 Ingenier\u00eda Civil en la universidad de Utah y mientras estaba centrada en ser ol\u00edmpica en los 3.000m obst\u00e1culos (sexta en los trials USA) descubr\u00ed las carreras de monta\u00f1a. Fue una revelaci\u00f3n. Decid\u00ed que eso era en lo que quer\u00eda c\u00e9ntrame como atleta en el futuro. Sin embargo, confieso que sigo disfrutando cuando me siento volar sobre el asfalto, me gusta mantener un equilibrio entre ambos mundos. De hecho, tras casarme nos mudamos a Montana e incluso he probado a competir en carreras locales de esqu\u00ed de fondo.&nbsp;<\/p>\n\n\n\n<p class=\"wp-block-paragraph\">Intent\u00e9 inscribirme una vez en Zegama, pero la organizaci\u00f3n no ten\u00eda un dorsal para m\u00ed, por lo que mi primera marat\u00f3n de monta\u00f1a fue en los trials estadounidenses para el Mundial CanfrancPirineos 2025. Gracias a Dios, todo sali\u00f3 bien y logr\u00e9 mi plaza. Desde entonces ya he corrido un segundo marat\u00f3n alpino en la Speedgoat 50k&nbsp; para seguir aprendiendo sobre correr hasta seis horas seguidas por la monta\u00f1a.<\/p>\n\n\n\n<p class=\"wp-block-paragraph\"><strong>\u00bfC\u00f3mo recuerdas el oro mundial en Villa La Angostura 2019?<\/strong><\/p>\n\n\n\n<p class=\"wp-block-paragraph\">Hacia un d\u00eda muy malo, con lluvia, viento y barro. Sal\u00ed tirando desde el principio y nunca v\u00ed a nadie a mi altura, fue una sensaci\u00f3n un poco extra\u00f1a correr sola bajo el temporal, al final me relaj\u00e9 un poco pero aun as\u00ed gan\u00e9 con solvencia. Acabamos con mi &nbsp;oro tras 1:15:20 y apenas doce segundos despu\u00e9s me qued\u00e9 de piedra al ver llegar a \u00c9lise Poncet. No ten\u00eda ni idea que estaba tan cerca. Philippa Williams complet\u00f3 el podio en 1:16:45.<\/p>\n\n\n\n<p class=\"wp-block-paragraph\">Por desgracia, cuando lleg\u00f3 Tailandia en Noviembre 2022 no estaba a tope por una lesi\u00f3n y prefer\u00ed renunciar a pelear la plaza, De ah\u00ed que para 2023 tuviera unas ganas tremendas de volver a darlo todo en carrera.<\/p>\n\n\n\n<p class=\"wp-block-paragraph\"><strong>\u00bfC\u00f3mo fue tu retorno a lo m\u00e1s alto en Innsbruck 2023?<\/strong><\/p>\n\n\n\n<p class=\"wp-block-paragraph\">El trazado de la Classic en 2023 era peculiar, pues inclu\u00eda un tramo grande puro asalto. Ademas, en los d\u00edas previos disput\u00e9 el Mundial Uphill, que fue un buen entrenamiento para adaptar mi cuerpo y mente a este clima y estas pendientes dando el m\u00e1ximo en cada momento. Encima consegu\u00ed un bronce que me hizo muy feliz, pues no me lo esperaba.<\/p>\n\n\n\n<p class=\"wp-block-paragraph\">Cuando lleg\u00f3 la Classic, me sorprendi\u00f3 el ataque de Tove Alexandersson que me pas\u00f3 como un tiro apenas llegamos a la primera bajada. Ah\u00ed pens\u00e9: Ya te veo chica\u2026prep\u00e1rate que tenemos una vuelta entera que pelear aun hasta meta. Si logras seguir ah\u00ed delante, lo respetar\u00e9, pero pienso hacer que sufras al m\u00e1ximo para ello.<\/p>\n\n\n\n<p class=\"wp-block-paragraph\">Ataqu\u00e9 a muerte en la siguiente subida y logr\u00e9 descolgar a Tove, pero tengo un gran recuerdo de aquella hermosa pelea entre ambas. Al final logr\u00e9 conquistar mi segunda corona Classic completando la carrera de unos 15\u202fkm en 1:04:29, casi un minuto por delante de Tove. Y es que estaba tan, tan motivada tras cuatro a\u00f1os sin disputar un Mundial. Joyce Njeru lleg\u00f3 a m\u00e1s de dos minutos despu\u00e9s. &nbsp;<\/p>\n\n\n\n<p class=\"wp-block-paragraph\"><strong>\u00bfQu\u00e9 recuerdos tienes de tu victoria y r\u00e9cord en CanfrancCanfranc Classic 2021?<\/strong><\/p>\n\n\n\n<p class=\"wp-block-paragraph\">Tengo muy buenos recuerdos aquellos d\u00edas que pas\u00e9 descubriendo el Pirineo Aragon\u00e9s. Como corredora, no creo que logre olvidar la dureza de aquellas rampas a La Moleta, que tengo muy en mente para cuando me toque en la Marat\u00f3n del Mundial.<\/p>\n\n\n\n<p class=\"wp-block-paragraph\">Me apunt\u00e9 al Marat\u00f3n porque creo es divertido salir de tu zona de confort y buscar nuevos retos, tanto como nuevos rivales. Adem\u00e1s, dados mis problemas de salud en los a\u00f1os pasados, el tipo de entrenamiento del marat\u00f3n creo tambi\u00e9n se adecua m\u00e1s a lo que mi cuerpo me pide para los pr\u00f3ximos a\u00f1os.<\/p>\n\n\n\n<p class=\"wp-block-paragraph\">S\u00e9 que me llevar\u00e1 unas tres veces m\u00e1s que la carrera classic, para lo que me ha preparado con m\u00e1s volumen a menos intensidad. De momento la semana pasada he corrido m\u00e1s volumen que nunca en mi vida.<\/p>\n\n\n\n<p class=\"wp-block-paragraph\"><strong>MUNDIAL CANFRANCPIRINEOS CLASSIC: Una monta\u00f1a r\u00e1pida y furiosa.<\/strong><\/p>\n\n\n\n<p class=\"wp-block-paragraph\">Desde las cumbres patag\u00f3nicas a las faldas alpinas, pasando por la magia pirenaica de Canfranc, el Mountain Running Classic es un relato de evoluci\u00f3n, entrega y belleza salvaje. Un formato que crece, se diversifica y se instala como meta de las almas que corren con ritmos desenfrenados y latidos al m\u00e1ximo.<\/p>\n\n\n\n<p class=\"wp-block-paragraph\">CanfrancPirineos 2025 ser\u00e1 una nueva gesta que traer\u00e1 a la \u00e9lite mundial al refugio pirenaico.<\/p>\n\n\n\n<p class=\"wp-block-paragraph\">Un grandioso escenario donde el ruido y la furia de los mejores talentos del mundo entero volar\u00e1n ante nosotros arriesgando el todo por el todo, tanto en el ascenso como en un loco descenso a meta, siguiendo la estela que labraron Jan Torrellas y Onditz Iturbe para coronarse campeones de Espa\u00f1a hace unos meses en sus rampas.<\/p>\n\n\n\n<p class=\"wp-block-paragraph\"><strong>SERGIO MAYAYO | Press office manager WMTRC 2025<\/strong><\/p>\n\n\n\n<p class=\"wp-block-paragraph\"><em>media@canfrancpirineos2025wmtrc.com<\/em><\/p>\n","protected":false},"excerpt":{"rendered":"<p>La modalidad \u00a0Classic apuesta por una subida y bajada igualmente importantes, siendo una parte fundamental e hist\u00f3rica de esta cita.. <span class=\"mil-el-more\"><span class=\"mil-link mil-dark mil-arrow-place mil-up\"><span>Leer M\u00e1s<\/span><\/span><\/span><\/p>\n","protected":false},"author":2,"featured_media":1650,"comment_status":"closed","ping_status":"open","sticky":false,"template":"","format":"standard","meta":{"_acf_changed":false,"footnotes":""},"categories":[1],"tags":[],"class_list":["post-1649","post","type-post","status-publish","format-standard","has-post-thumbnail","hentry","category-uncategorized"],"acf":[],"_links":{"self":[{"href":"https:\/\/canfrancpirineos2025wmtrc.com\/noticias\/index.php\/wp-json\/wp\/v2\/posts\/1649","targetHints":{"allow":["GET"]}}],"collection":[{"href":"https:\/\/canfrancpirineos2025wmtrc.com\/noticias\/index.php\/wp-json\/wp\/v2\/posts"}],"about":[{"href":"https:\/\/canfrancpirineos2025wmtrc.com\/noticias\/index.php\/wp-json\/wp\/v2\/types\/post"}],"author":[{"embeddable":true,"href":"https:\/\/canfrancpirineos2025wmtrc.com\/noticias\/index.php\/wp-json\/wp\/v2\/users\/2"}],"replies":[{"embeddable":true,"href":"https:\/\/canfrancpirineos2025wmtrc.com\/noticias\/index.php\/wp-json\/wp\/v2\/comments?post=1649"}],"version-history":[{"count":1,"href":"https:\/\/canfrancpirineos2025wmtrc.com\/noticias\/index.php\/wp-json\/wp\/v2\/posts\/1649\/revisions"}],"predecessor-version":[{"id":1651,"href":"https:\/\/canfrancpirineos2025wmtrc.com\/noticias\/index.php\/wp-json\/wp\/v2\/posts\/1649\/revisions\/1651"}],"wp:featuredmedia":[{"embeddable":true,"href":"https:\/\/canfrancpirineos2025wmtrc.com\/noticias\/index.php\/wp-json\/wp\/v2\/media\/1650"}],"wp:attachment":[{"href":"https:\/\/canfrancpirineos2025wmtrc.com\/noticias\/index.php\/wp-json\/wp\/v2\/media?parent=1649"}],"wp:term":[{"taxonomy":"category","embeddable":true,"href":"https:\/\/canfrancpirineos2025wmtrc.com\/noticias\/index.php\/wp-json\/wp\/v2\/categories?post=1649"},{"taxonomy":"post_tag","embeddable":true,"href":"https:\/\/canfrancpirineos2025wmtrc.com\/noticias\/index.php\/wp-json\/wp\/v2\/tags?post=1649"}],"curies":[{"name":"wp","href":"https:\/\/api.w.org\/{rel}","templated":true}]}}