{"id":1645,"date":"2025-08-27T18:04:42","date_gmt":"2025-08-27T18:04:42","guid":{"rendered":"https:\/\/canfrancpirineos2025wmtrc.com\/noticias\/?p=1645"},"modified":"2025-09-10T18:09:18","modified_gmt":"2025-09-10T18:09:18","slug":"canfrancpirineos-2025-rinde-homenaje-a-la-canfranc-canfranc","status":"publish","type":"post","link":"https:\/\/canfrancpirineos2025wmtrc.com\/noticias\/index.php\/2025\/08\/27\/canfrancpirineos-2025-rinde-homenaje-a-la-canfranc-canfranc\/","title":{"rendered":"CanfrancPirineos 2025 rinde homenaje a la Canfranc-Canfranc"},"content":{"rendered":"\n<p class=\"wp-block-paragraph\"><strong>Este a\u00f1o, junto a los cimientos populares de Canfranc tambi\u00e9n contaremos como invitados especiales a los mejores corredores del planeta en el Mundial: Todos juntos en Canfranc, pero no revueltos. Cada evento tiene su propio calendario y trazados, veamos el c\u00f3mo y el porqu\u00e9.<\/strong><\/p>\n\n\n\n<p class=\"wp-block-paragraph\"><em>\u2022&nbsp;&nbsp;&nbsp;&nbsp;&nbsp;&nbsp;&nbsp;&nbsp;&nbsp; Canfranc<\/em><em>\u2011Canfranc 2025: 5-7 septiembre de 2025.<\/em><\/p>\n\n\n\n<p class=\"wp-block-paragraph\"><em>\u2022&nbsp;&nbsp;&nbsp;&nbsp;&nbsp;&nbsp;&nbsp;&nbsp;&nbsp; Campeonato del Mundo de Mountain &amp; Trail Running CanfrancPirineos 2025: 24 -28 septiembre<\/em><\/p>\n\n\n\n<p class=\"wp-block-paragraph\"><strong>La Canfranc<\/strong><strong>\u2011Canfranc naci<\/strong><strong>\u00f3 por y para los corredores populares:<\/strong> Superh\u00e9roes sin capa, que en estos a\u00f1os han demostrado que nunca ceden ante los retos de Canfranc, sea la nieve, sus pendientes o el cron\u00f3metro. Han sabido afrontar con experiencia monta\u00f1era ediciones con hasta 30cm de nieve fresca ca\u00edda en carrera. Ellos y los voluntarios, que desde hace m\u00e1s de una d\u00e9cada les cuidan, son la esencia viva, el pulso que la organizaci\u00f3n venera.<\/p>\n\n\n\n<p class=\"wp-block-paragraph\"><strong>MUNDIAL CANFRANCPIRINEOS 2025 CEDE EL PASO A CANFRANCCANFRANC<\/strong><\/p>\n\n\n\n<p class=\"wp-block-paragraph\">Cuando en la clausura de Innsbruck 2023, el Mundial de Mountain &amp; Trail Running apost\u00f3 por Canfranc como sede para acoger este 2025 m\u00e1s de 80 pa\u00edses en cinco modalidades, la organizaci\u00f3n respir\u00f3 hondo y decidi\u00f3: <em>\u201c<\/em>Bienvenido sea el Mundial, pero nuestras carreras de monta\u00f1a populares no se tocan<em>\u201d.<\/em> Ni una fecha, ni un trazado.<\/p>\n\n\n\n<p class=\"wp-block-paragraph\"><strong>El corredor de monta\u00f1a que apost\u00f3 por Canfranc desde sus inicios mantiene su trono.<\/strong> Prioridad absoluta, como siempre. Tanto es as\u00ed, que el mismo tricampe\u00f3n del mundo ultra Luis Alberto Hernando est\u00e1 tambi\u00e9n inscrito como un popular m\u00e1s para CanfrancCanfranc 2025.<\/p>\n\n\n\n<p class=\"wp-block-paragraph\"><strong>Por supuesto, el Mundial gozar\u00e1 de un camino propio, que coexiste aqu\u00ed de manera ejemplar con los populares:<\/strong> Nuevas fechas y nuevos trazados crean un evento doble, tejido para ser 100\u202f% sostenible. Para dar cuerpo a este ideal, los grandes duelos \u00e9lite de Uphill, Classic, Marat\u00f3n y Ultra se separan tres semanas de las carreras populares, y se adaptan con un enfoque cosmopolita, pensado para acoger tambi\u00e9n a culturas sin tanta tradici\u00f3n alpina. As\u00ed, tanto el corredor local como el importado forjador de nuevos horizontes se sienten en casa.<\/p>\n\n\n\n<p class=\"wp-block-paragraph\"><strong>MARAT\u00d3N DE MONTA\u00d1A CANFRANC: \u00daNICA. POPULARES Y ELITES.<\/strong><\/p>\n\n\n\n<p class=\"wp-block-paragraph\"><strong>La Marat\u00f3n de Monta\u00f1a Canfranc seguir\u00e1 en el centro:<\/strong> Con ella empez\u00f3 todo, como faro inicial de esta pasi\u00f3n colectiva. Aquel primer \u201ccuatromil\u201d entre los maratones de monta\u00f1a espa\u00f1oles sigue siendo el icono. Su trazado por tanto permanece inmutable para todos, elites y populares. Una leyenda que no envejece, porque con ella empez\u00f3 todo. Y as\u00ed seguir\u00e1 siendo.&nbsp;<\/p>\n\n\n\n<p class=\"wp-block-paragraph\"><a><\/a><a>Quiz\u00e1 este 2025 el descomunal r\u00e9cord de Oihana Kortazar (6.17.41) caiga a manos de Grayson Murphy, que ya tiene el de Canfranc 16k. Quiz\u00e1 no. Pero lo que es seguro es que el ultimo popular en cruzar su meta habr\u00e1 superado id\u00e9nticos desaf\u00edos en carrera que el propio Campe\u00f3n del Mundo 2025.<\/a><\/p>\n\n\n\n<p class=\"wp-block-paragraph\"><strong>JACINTO GONZ\u00c1LEZ: EL HOMBRE DE HIERRO EN CANFRANC.<\/strong><\/p>\n\n\n\n<p class=\"wp-block-paragraph\">Pocos nombres representan esa pasi\u00f3n popular por la CanfrancCanfranc como el veterano catal\u00e1n Jacinto Gonz\u00e1lez, quien ha completado todas y cada una de las ediciones de la Canfranc Ultra 100k. Con m\u00e1s de 60 a\u00f1os cumplidos, este 2025 se pondr\u00e1 de nuevo en la l\u00ednea de salida para celebrar una d\u00e9cada luchando y triunfando al coronar las diez cimas pirenaicas que encadena el recorrido m\u00e1s exigente de Espa\u00f1a en lo t\u00e9cnico y alpino.<\/p>\n\n\n\n<p class=\"wp-block-paragraph\"><strong>\u00bfJacinto, c\u00f3mo empez\u00f3 esta pasi\u00f3n por Canfranc 100k?<\/strong><\/p>\n\n\n\n<p class=\"wp-block-paragraph\"><em>Cuando naci\u00f3 en 2015 o\u00ed hablar de ella y vi que era de verdad un recorrido muy especial. Apost\u00e9 por ella desde el primer d\u00eda, e incluso viaj\u00e9 para estar en el training camp previo.&nbsp; Desde aquel primer d\u00eda, sin dorsal a\u00fan, su ambiente, su gente y sus monta\u00f1as me atraparon\u2026 y hasta hoy.<\/em><\/p>\n\n\n\n<p class=\"wp-block-paragraph\"><strong>\u00bfCu\u00e1l es tu estrategia para lograr cruzar siempre la meta en Canfranc Ultra 100k?<\/strong><\/p>\n\n\n\n<p class=\"wp-block-paragraph\"><em>Hombre, en tantos a\u00f1os aqu\u00ed mis objetivos han ido cambiando. Hoy ya no me fijo en absoluto en el crono, porque para m\u00ed todo lo importante es lo que vivo y siento durante la carrera. As\u00ed pues, salgo mucho m\u00e1s lento de lo que podr\u00eda, con el objetivo de ir superando cimas a mi ritmo: Si hay calambres, bajo ritmo y como, bebo hasta recuperar. Nunca me paro.<\/em><\/p>\n\n\n\n<p class=\"wp-block-paragraph\"><strong>\u00bfQu\u00e9 material llevas en carrera?<\/strong><\/p>\n\n\n\n<p class=\"wp-block-paragraph\"><em>Todo lo que me pidan como material obligatorio\u2026y algo m\u00e1s. En esta carrera ya s\u00e9 que los avituallamientos me cubrir\u00e1n de sobra, por lo que no me preocupo de llevar mucha comida\/bebida de reserva, pero para las cosas de la meteo nunca me importa echar alguna cosa extra. Piensa que en estos a\u00f1os aqu\u00ed nos ha tronado, llovido, nevado y helado. Desde la edici\u00f3n inaugural, tenerle el respeto debido a estas monta\u00f1as quiz\u00e1 ha sido otro de mis secretos para llegar siempre a meta. Aunque la mochila en carrera me pese un kilo m\u00e1s\u2026<\/em><\/p>\n\n\n\n<p class=\"wp-block-paragraph\"><em><strong>SERGIO MAYAYO | Press office manager WMTRC 2025<\/strong><\/em><\/p>\n\n\n\n<p class=\"wp-block-paragraph\"><\/p>\n","protected":false},"excerpt":{"rendered":"<p>Este a\u00f1o, junto a los cimientos populares de Canfranc tambi\u00e9n contaremos como invitados especiales a los mejores corredores del planeta.. <span class=\"mil-el-more\"><span class=\"mil-link mil-dark mil-arrow-place mil-up\"><span>Leer M\u00e1s<\/span><\/span><\/span><\/p>\n","protected":false},"author":2,"featured_media":1646,"comment_status":"closed","ping_status":"open","sticky":false,"template":"","format":"standard","meta":{"_acf_changed":false,"footnotes":""},"categories":[1],"tags":[],"class_list":["post-1645","post","type-post","status-publish","format-standard","has-post-thumbnail","hentry","category-uncategorized"],"acf":[],"_links":{"self":[{"href":"https:\/\/canfrancpirineos2025wmtrc.com\/noticias\/index.php\/wp-json\/wp\/v2\/posts\/1645","targetHints":{"allow":["GET"]}}],"collection":[{"href":"https:\/\/canfrancpirineos2025wmtrc.com\/noticias\/index.php\/wp-json\/wp\/v2\/posts"}],"about":[{"href":"https:\/\/canfrancpirineos2025wmtrc.com\/noticias\/index.php\/wp-json\/wp\/v2\/types\/post"}],"author":[{"embeddable":true,"href":"https:\/\/canfrancpirineos2025wmtrc.com\/noticias\/index.php\/wp-json\/wp\/v2\/users\/2"}],"replies":[{"embeddable":true,"href":"https:\/\/canfrancpirineos2025wmtrc.com\/noticias\/index.php\/wp-json\/wp\/v2\/comments?post=1645"}],"version-history":[{"count":2,"href":"https:\/\/canfrancpirineos2025wmtrc.com\/noticias\/index.php\/wp-json\/wp\/v2\/posts\/1645\/revisions"}],"predecessor-version":[{"id":1648,"href":"https:\/\/canfrancpirineos2025wmtrc.com\/noticias\/index.php\/wp-json\/wp\/v2\/posts\/1645\/revisions\/1648"}],"wp:featuredmedia":[{"embeddable":true,"href":"https:\/\/canfrancpirineos2025wmtrc.com\/noticias\/index.php\/wp-json\/wp\/v2\/media\/1646"}],"wp:attachment":[{"href":"https:\/\/canfrancpirineos2025wmtrc.com\/noticias\/index.php\/wp-json\/wp\/v2\/media?parent=1645"}],"wp:term":[{"taxonomy":"category","embeddable":true,"href":"https:\/\/canfrancpirineos2025wmtrc.com\/noticias\/index.php\/wp-json\/wp\/v2\/categories?post=1645"},{"taxonomy":"post_tag","embeddable":true,"href":"https:\/\/canfrancpirineos2025wmtrc.com\/noticias\/index.php\/wp-json\/wp\/v2\/tags?post=1645"}],"curies":[{"name":"wp","href":"https:\/\/api.w.org\/{rel}","templated":true}]}}