{"id":1638,"date":"2025-08-25T17:47:31","date_gmt":"2025-08-25T17:47:31","guid":{"rendered":"https:\/\/canfrancpirineos2025wmtrc.com\/noticias\/?p=1638"},"modified":"2025-09-10T17:49:51","modified_gmt":"2025-09-10T17:49:51","slug":"jorge-azcon-el-campeonato-del-mundo-de-mountain-trail-running-es-un-hito-historico-para-aragon","status":"publish","type":"post","link":"https:\/\/canfrancpirineos2025wmtrc.com\/noticias\/index.php\/2025\/08\/25\/jorge-azcon-el-campeonato-del-mundo-de-mountain-trail-running-es-un-hito-historico-para-aragon\/","title":{"rendered":"Jorge Azc\u00f3n: \u201cEl Campeonato del Mundo de Mountain &amp; Trail Running es un hito hist\u00f3rico para Arag\u00f3n\u201d"},"content":{"rendered":"\n<p class=\"wp-block-paragraph\"><strong>El presidente de Arag\u00f3n, Jorge Azc\u00f3n, ha afirmado a falta de un mes para la inauguraci\u00f3n de CanfrancPirineos 2025, que \u201cva a ser uno de los eventos deportivos m\u00e1s importantes de 2025, fruto de muchos a\u00f1os de trabajo y de nuestra clara apuesta por atraer grandes citas internacionales\u201d. El alcalde de Canfranc, Fernando S\u00e1nchez, destaca por su parte que el Campeonato del Mundo va a situar a la localidad oscense \u201cen el mapa mundial del Trail running y nos va a dar la oportunidad de demostrar nuestra capacidad para organizar un acontecimiento de car\u00e1cter universal\u201d.<\/strong><\/p>\n\n\n\n<p class=\"wp-block-paragraph\">El pr\u00f3ximo 24 de septiembre se inaugurar\u00e1 oficialmente en CanfrancPirineos la tercera edici\u00f3n unificada del Campeonato del Mundo de Mountain &amp; Trail Running, con la presencia de 1.700 atletas procedentes de 80 pa\u00edses, la cifra m\u00e1s alta de participaci\u00f3n de su historia. En total se disputar\u00e1n cinco modalidades: &#8216;Uphill&#8217;, &#8216;Classic&#8217; y \u2018U20&#8242; &#8216;ShortTrail&#8217; y &#8216;LongTrail&#8217;.<\/p>\n\n\n\n<p class=\"wp-block-paragraph\">La cuenta atr\u00e1s definitiva ha comenzado y la organizaci\u00f3n trabaja intensamente para llegar a la jornada inaugural con todos los deberes hechos. En los pr\u00f3ximos d\u00edas se va a cerrar el plazo para que las federaciones internacionales anuncien la lista definitiva de los atletas que participar\u00e1n en la gran cita mundial. Se est\u00e1n ultimando tambi\u00e9n todos los detalles en \u00e1reas clave de la organizaci\u00f3n como transporte, alojamientos, seguridad, voluntarios o el dise\u00f1o de las ceremonias de apertura y clausura.<\/p>\n\n\n\n<p class=\"wp-block-paragraph\">El presidente del Gobierno de Arag\u00f3n, Jorge Azc\u00f3n, se muestra convencido de que \u201ceste campeonato va a situar a Arag\u00f3n, a Canfranc y a todo el Pirineo en el mapa mundial de estas disciplinas, reforzando nuestra posici\u00f3n como referente en la organizaci\u00f3n de pruebas de monta\u00f1a y trail. Adem\u00e1s, supone un ejemplo para el deporte base, queremos que nuestros j\u00f3venes tengan referentes y que encuentren en estos deportistas una inspiraci\u00f3n para superarse\u201d.<\/p>\n\n\n\n<p class=\"wp-block-paragraph\">El Campeonato del Mundo se organiza bajo la supervisi\u00f3n de World Athletics y la colaboraci\u00f3n de World Mountain Running Association (WMRA), International Trail Running Association (ITRA), International Association of Ultrarunners (IAU), y la Real Federaci\u00f3n Espa\u00f1ola de Atletismo (RFEA). Cuenta adem\u00e1s con el respaldo del Consejo Superior de Deportes (CSD), Gobierno de Arag\u00f3n, Diputaci\u00f3n Provincial de Huesca (DPH) y Ayuntamiento de Canfranc.<\/p>\n\n\n\n<p class=\"wp-block-paragraph\">Ra\u00fal Chapado, presidente de la Real Federaci\u00f3n Espa\u00f1ola de Atletismo y RFEA y vicepresidente de World Athletics, se\u00f1ala en las semanas previas a la inauguraci\u00f3n que \u201cEspa\u00f1a acoge este mundial con el coraz\u00f3n abierto. Y yo, como presidente de la RFEA y vicepresidente de World Athletics, no puedo sentir m\u00e1s orgullo. Este evento ser\u00e1 un homenaje a la naturaleza, al esfuerzo y a la hermandad entre pueblos\u201d.<\/p>\n\n\n\n<p class=\"wp-block-paragraph\">El presidente de Arag\u00f3n, Jorge Azc\u00f3n, apunta que CanfrancPirineos 2025 \u201cno es solo deporte, es tambi\u00e9n desarrollo. Se celebra en un espacio natural protegido de nuestro Pirineo y ser\u00e1 un impulso fundamental para el turismo, la econom\u00eda y la proyecci\u00f3n exterior de nuestra comunidad\u201d.<\/p>\n\n\n\n<p class=\"wp-block-paragraph\">En esta misma l\u00ednea se expresa el alcalde de Canfranc, Fernando S\u00e1nchez, quien destaca que el Campeonato del Mundo \u201cva a ser un ejemplo de sostenibilidad, respeto al medio ambiente y al valor del paisaje pirenaico como parte de nuestra identidad\u201d. El alcalde de la localidad oscense insiste en el valor que tiene que una poblaci\u00f3n de apenas 600 habitantes se enfrente al reto may\u00fasculo de organizar un Campeonato del Mundo, \u201cm\u00e1s a\u00fan cuando acabamos de conocer que la sede de 2027 ser\u00e1 la ciudad sudafricana de Ciudad del Cabo, con una poblaci\u00f3n que supera los 5 millones de habitantes. Este dato da contexto al gran m\u00e9rito que va a representar este Mundial\u201d.<\/p>\n","protected":false},"excerpt":{"rendered":"<p>El presidente de Arag\u00f3n, Jorge Azc\u00f3n, ha afirmado a falta de un mes para la inauguraci\u00f3n de CanfrancPirineos 2025, que.. <span class=\"mil-el-more\"><span class=\"mil-link mil-dark mil-arrow-place mil-up\"><span>Leer M\u00e1s<\/span><\/span><\/span><\/p>\n","protected":false},"author":2,"featured_media":1639,"comment_status":"closed","ping_status":"open","sticky":false,"template":"","format":"standard","meta":{"_acf_changed":false,"footnotes":""},"categories":[1],"tags":[],"class_list":["post-1638","post","type-post","status-publish","format-standard","has-post-thumbnail","hentry","category-uncategorized"],"acf":[],"_links":{"self":[{"href":"https:\/\/canfrancpirineos2025wmtrc.com\/noticias\/index.php\/wp-json\/wp\/v2\/posts\/1638","targetHints":{"allow":["GET"]}}],"collection":[{"href":"https:\/\/canfrancpirineos2025wmtrc.com\/noticias\/index.php\/wp-json\/wp\/v2\/posts"}],"about":[{"href":"https:\/\/canfrancpirineos2025wmtrc.com\/noticias\/index.php\/wp-json\/wp\/v2\/types\/post"}],"author":[{"embeddable":true,"href":"https:\/\/canfrancpirineos2025wmtrc.com\/noticias\/index.php\/wp-json\/wp\/v2\/users\/2"}],"replies":[{"embeddable":true,"href":"https:\/\/canfrancpirineos2025wmtrc.com\/noticias\/index.php\/wp-json\/wp\/v2\/comments?post=1638"}],"version-history":[{"count":1,"href":"https:\/\/canfrancpirineos2025wmtrc.com\/noticias\/index.php\/wp-json\/wp\/v2\/posts\/1638\/revisions"}],"predecessor-version":[{"id":1640,"href":"https:\/\/canfrancpirineos2025wmtrc.com\/noticias\/index.php\/wp-json\/wp\/v2\/posts\/1638\/revisions\/1640"}],"wp:featuredmedia":[{"embeddable":true,"href":"https:\/\/canfrancpirineos2025wmtrc.com\/noticias\/index.php\/wp-json\/wp\/v2\/media\/1639"}],"wp:attachment":[{"href":"https:\/\/canfrancpirineos2025wmtrc.com\/noticias\/index.php\/wp-json\/wp\/v2\/media?parent=1638"}],"wp:term":[{"taxonomy":"category","embeddable":true,"href":"https:\/\/canfrancpirineos2025wmtrc.com\/noticias\/index.php\/wp-json\/wp\/v2\/categories?post=1638"},{"taxonomy":"post_tag","embeddable":true,"href":"https:\/\/canfrancpirineos2025wmtrc.com\/noticias\/index.php\/wp-json\/wp\/v2\/tags?post=1638"}],"curies":[{"name":"wp","href":"https:\/\/api.w.org\/{rel}","templated":true}]}}