{"id":1634,"date":"2025-07-31T12:46:59","date_gmt":"2025-07-31T12:46:59","guid":{"rendered":"https:\/\/canfrancpirineos2025wmtrc.com\/noticias\/?p=1634"},"modified":"2025-08-18T12:47:34","modified_gmt":"2025-08-18T12:47:34","slug":"el-noruego-stian-busca-el-triplete-en-mundial-de-mountain-trail-running-de-canfrancpirineos","status":"publish","type":"post","link":"https:\/\/canfrancpirineos2025wmtrc.com\/noticias\/index.php\/2025\/07\/31\/el-noruego-stian-busca-el-triplete-en-mundial-de-mountain-trail-running-de-canfrancpirineos\/","title":{"rendered":"El noruego Stian busca el triplete en Mundial de Mountain &amp; Trail Running de CanfrancPirineos"},"content":{"rendered":"\n<p class=\"wp-block-paragraph\"><strong>Con la belleza abrupta de los Pirineos como tel\u00f3n de fondo, y el aura \u00e9pica de un recorrido m\u00edtico, el \u00a0Marat\u00f3n Canfranc Pirineos 2025 que acoger\u00e1 el Campeonato del Mundo de Mountain &amp; Trail Running se perfila como una cita \u00fanica para la \u00e9lite del trail mundial: Stian Angermund persigue la triple corona tras los oros de Thailandia 2021 e Innsbruck 2023, mientras Espa\u00f1a, como pa\u00eds anfitri\u00f3n, sue\u00f1a con repetir o superar el oro y plata de Patagonia por equipos.<\/strong>\u00a0<br><br>Si el marat\u00f3n es la distancia reina del atletismo mundial, en las carreras de monta\u00f1a no lo iba a ser menos. Encuadrado hasta 2019 en el Mundial WMRA, pas\u00f3 a partir de Thailandia 2021 a bautizarse como \u201cShort Trail\u201d dentro del nuevo Mundial de Mountain &amp; Trail Running unificado.<br><br><strong>LA MARATON EN LOS MUNDIALES 2019-2021-2023<br><\/strong><br>La Marat\u00f3n del Mundial 2019 en la Patagonia Argentina\u00a0nos trajo una fabulosa edici\u00f3n, donde en un trazado alpino y nevado del K42 La Angostura, con un recorrido de 41.5km\/D+2184m hist\u00f3rico en este mundillo. Se coronaron campeones del mundo el estadounidense Jim Walmsley y la rumana Cristina Simion, mientras Espa\u00f1a lider\u00f3 el mundial, sumando un oro masculino y una plata femenina inolvidables.<br><br>La actual Short Trail debut\u00f3 en el Mundial Thailandia 2021\u00a0sobre un recorrido de 38k\/D+2.425m entre las junglas y colinas de Chang Mai, donde los campeones individuales fueron el noruego Stian Angermund y la rumana Denisa Dragomir. Los t\u00edtulos por equipos fueron para Espa\u00f1a en categor\u00eda femenina e Italia en masculina.<br><br>El Mundial Short Trail en Innsbruck 2023\u00a0depar\u00f3 un duro recorrido sobre 45k\/D+3.135, tan alpino como abrupto y vistoso, donde Stian Angermund logr\u00f3 su segundo oro, mientras Clementine Geoffray conquistaba el oro para una Francia que venci\u00f3 tambi\u00e9n por equipos en categor\u00eda femenina. Gran Breta\u00f1a firm\u00f3 la victoria masculina equipos.<\/p>\n\n\n\n<p class=\"wp-block-paragraph\"><br><strong>LA MARAT\u00d3N CANFRANCPIRINEOS EN EL MUNDIAL 2025.\u00a0<br><\/strong>El pr\u00f3ximo mes de septiembre el coraz\u00f3n del Pirineo aragon\u00e9s latir\u00e1 al ritmo de las zancadas m\u00e1s r\u00e1pidas del planeta en la Short Trail de 45k\/D+3.657m. El trazado replica la m\u00edtica Marat\u00f3n Canfranc\u2011Canfranc, que durante a\u00f1os ha forjado leyendas entre bosques de pino rojo, barrancos solitarios como el de Epifanio y panor\u00e1micas que cortan la respiraci\u00f3n; de La Moleta a las faldas del Aspe y m\u00e1s all\u00e1.\u00a0<\/p>\n\n\n\n<p class=\"wp-block-paragraph\">Ser\u00e1 un desaf\u00edo para atletas totales, los que no solo corren sino que trepan, descienden y se mueven por la alta monta\u00f1a como si formaran parte de ella. Aqu\u00ed no bastar\u00e1n unas piernas r\u00e1pidas: har\u00e1 falta estrategia para gestionar la dureza del perfil, saber cu\u00e1ndo apretar y cu\u00e1ndo guardar fuerzas, y sobre todo, cabeza para no dejarse atrapar por la belleza \u00e1spera de estas cumbres.<\/p>\n\n\n\n<p class=\"wp-block-paragraph\"><br><strong>STIAN ANGERMUND BUSCA EL TRIPLETE.\u00a0<\/strong><br>Uno de los grandes protagonistas ser\u00e1, sin duda, Stian Angermund, el noruego de 38 a\u00f1os asentado en Bergen, que sue\u00f1a con firmar el triplete como colof\u00f3n a m\u00e1s de diez a\u00f1os de presencia en la \u00e9lite del Trail running mundial. No ha sido el suyo un camino f\u00e1cil pues frente al brillo de esos dos oros mundial se haya la sanci\u00f3n de 16 meses por dopaje impuesta por la Federaci\u00f3n francesa tras su oro en los 50km de OCC en 2023.<\/p>\n\n\n\n<p class=\"wp-block-paragraph\">En esta entrevista, Stian Angermund comparte sus recuerdos de Thailandia e Innsbruck y su amarga experiencia tras la sanci\u00f3n y sus enormes ilusiones puestas en Canfranc.<\/p>\n\n\n\n<p class=\"wp-block-paragraph\"><strong>\u00bfC\u00f3mo fueron tus dos oros mundiales en Thailandia 2021 e Innsbruck 2023?<br><\/strong><br>Thailandia fue una carrera dura por la jungla y el calor h\u00famedo, que gan\u00e9 en 3.08.29. Eran 38k\/D+2.425 y empec\u00e9 muy nervioso, pero estaba en gran forma por lo que me escap\u00e9 casi de salida. Luego me cazaron Francesco, Max y Jonathan, pero logr\u00e9 escaparme de nuevo en la segunda subida. No tuve claro que ganaba hasta los \u00faltimos metros, fue muy emocionante. Innsbruck tampoco fue nada f\u00e1cil, ning\u00fan Mundial lo es. El trazado era m\u00e1s exigente con 45k\/D+3.515m y result\u00f3 duro por ello y por lo t\u00e9cnico, aunque logr\u00e9 la victoria por dos minutos tras 4.19.00.<\/p>\n\n\n\n<p class=\"wp-block-paragraph\"><strong>\u00bfQu\u00e9 pas\u00f3 tras ganar OCC 50k en 2023?&nbsp;<br><\/strong><br>Tras ganar OCC 50k pas\u00e9 otro control antidoping. Las autoridades francesas encontraron trazas de chlortalidone, una sustancia que yo desconoc\u00eda y que est\u00e1 en la lista WADA por su efecto diur\u00e9tico y posible enmascarante. Me lo notificaron el 20 de octubre de 2023, tres d\u00edas despu\u00e9s de nacer mi hijo y mi mundo se hundi\u00f3. Intent\u00e9 probar mi inocencia, pero para ello deb\u00eda demostrar cual era la fuente. Como nunca uso medicinas, ni siquiera suplementos fue imposible para m\u00ed. Hasta el d\u00eda de hoy sigo pensando que la muestra fue contaminada. En cualquier caso, tras el proceso se me impuso una sanci\u00f3n de 16 meses que he cumplido a rajatabla.<\/p>\n\n\n\n<p class=\"wp-block-paragraph\"><strong>\u00bfPor qu\u00e9 quisiste volver a competir en Espa\u00f1a?<br><\/strong><br>Al volver a correr esta primavera 2025 eleg\u00ed hacerlo en la Marat\u00f3n Zegama Aizkorri: Una gran carrera del m\u00e1ximo nivel, donde quer\u00eda correr contra los mejores y retomar los magn\u00edficos recuerdos que tengo de los aficionados y el ambiente en Espa\u00f1a. Termin\u00e9 s\u00e9ptimo, pero el rendimiento era lo de menos, lo importante fue sentir de nuevo el respeto y cari\u00f1o de toda la comunidad trail running.<\/p>\n\n\n\n<p class=\"wp-block-paragraph\">Ahora vuelvo de Giir di Mont donde firm\u00e9 una plata y me siento mucho mejor por haber superado una tendinitis. A\u00fan no he podido correr f\u00edsicamente en el trazado del Marat\u00f3n Canfranc, pero por supuesto que ya lo he estudiado al detalle a trav\u00e9s del track gpx. &nbsp;Es abrupto, hay muchos ascensos exigentes, especialmente esa Moleta del principio, pero estoy seguro de que es perfecto para que todos disfrutemos de un gran d\u00eda en la monta\u00f1a.<\/p>\n\n\n\n<p class=\"wp-block-paragraph\"><strong>\u00bfEs posible so\u00f1ar con un triplete de Stian, tras cumplir los 38 a\u00f1os ya?&nbsp;<br><\/strong><br>Desde fuera, calculo que la Marat\u00f3n Canfranc del mundial se ganar\u00e1 en m\u00e1s de 4h30 debido a esas cuatro subidas y descensos t\u00e9cnicos, uno tras otro. Por supuesto el nivel del Trail running mundial sigue subiendo a\u00f1o tras a\u00f1o, ya se ocupan de eso los j\u00f3venes. Pero lo que adoro de este mundo, es que cuanto m\u00e1s tiempo corres en las monta\u00f1as, m\u00e1s aprendes sobre ti mismo y sabes c\u00f3mo afrontarlas mejor.<br><br>Tengo claro que debo ser el mejor Stian de mi vida&nbsp;para seguir ah\u00ed delante en Canfranc, luchar\u00e9 por encontrar hasta donde puedo exprimir mi cuerpo y mente. Para ello quiero viajar al Pirineo al menos 10 d\u00edas antes del mundial, por delante de la selecci\u00f3n noruega y disfrutar de los entrenos por esas hermosas monta\u00f1as.<\/p>\n\n\n\n<p class=\"wp-block-paragraph\"><strong>SERGIO MAYAYO&nbsp;| Press office manager WMTRC 2025<\/strong><\/p>\n","protected":false},"excerpt":{"rendered":"<p>Con la belleza abrupta de los Pirineos como tel\u00f3n de fondo, y el aura \u00e9pica de un recorrido m\u00edtico, el.. <span class=\"mil-el-more\"><span class=\"mil-link mil-dark mil-arrow-place mil-up\"><span>Leer M\u00e1s<\/span><\/span><\/span><\/p>\n","protected":false},"author":2,"featured_media":1635,"comment_status":"closed","ping_status":"open","sticky":false,"template":"","format":"standard","meta":{"_acf_changed":false,"footnotes":""},"categories":[23],"tags":[],"class_list":["post-1634","post","type-post","status-publish","format-standard","has-post-thumbnail","hentry","category-espanol"],"acf":[],"_links":{"self":[{"href":"https:\/\/canfrancpirineos2025wmtrc.com\/noticias\/index.php\/wp-json\/wp\/v2\/posts\/1634","targetHints":{"allow":["GET"]}}],"collection":[{"href":"https:\/\/canfrancpirineos2025wmtrc.com\/noticias\/index.php\/wp-json\/wp\/v2\/posts"}],"about":[{"href":"https:\/\/canfrancpirineos2025wmtrc.com\/noticias\/index.php\/wp-json\/wp\/v2\/types\/post"}],"author":[{"embeddable":true,"href":"https:\/\/canfrancpirineos2025wmtrc.com\/noticias\/index.php\/wp-json\/wp\/v2\/users\/2"}],"replies":[{"embeddable":true,"href":"https:\/\/canfrancpirineos2025wmtrc.com\/noticias\/index.php\/wp-json\/wp\/v2\/comments?post=1634"}],"version-history":[{"count":1,"href":"https:\/\/canfrancpirineos2025wmtrc.com\/noticias\/index.php\/wp-json\/wp\/v2\/posts\/1634\/revisions"}],"predecessor-version":[{"id":1636,"href":"https:\/\/canfrancpirineos2025wmtrc.com\/noticias\/index.php\/wp-json\/wp\/v2\/posts\/1634\/revisions\/1636"}],"wp:featuredmedia":[{"embeddable":true,"href":"https:\/\/canfrancpirineos2025wmtrc.com\/noticias\/index.php\/wp-json\/wp\/v2\/media\/1635"}],"wp:attachment":[{"href":"https:\/\/canfrancpirineos2025wmtrc.com\/noticias\/index.php\/wp-json\/wp\/v2\/media?parent=1634"}],"wp:term":[{"taxonomy":"category","embeddable":true,"href":"https:\/\/canfrancpirineos2025wmtrc.com\/noticias\/index.php\/wp-json\/wp\/v2\/categories?post=1634"},{"taxonomy":"post_tag","embeddable":true,"href":"https:\/\/canfrancpirineos2025wmtrc.com\/noticias\/index.php\/wp-json\/wp\/v2\/tags?post=1634"}],"curies":[{"name":"wp","href":"https:\/\/api.w.org\/{rel}","templated":true}]}}