{"id":1631,"date":"2025-08-18T12:42:29","date_gmt":"2025-08-18T12:42:29","guid":{"rendered":"https:\/\/canfrancpirineos2025wmtrc.com\/noticias\/?p=1631"},"modified":"2025-08-18T12:42:30","modified_gmt":"2025-08-18T12:42:30","slug":"jaca-y-canfranc-se-unen-para-la-celebracion-del-campeonato-del-mundo-de-montana-y-trail-running","status":"publish","type":"post","link":"https:\/\/canfrancpirineos2025wmtrc.com\/noticias\/index.php\/2025\/08\/18\/jaca-y-canfranc-se-unen-para-la-celebracion-del-campeonato-del-mundo-de-montana-y-trail-running\/","title":{"rendered":"Jaca y Canfranc se unen para la celebraci\u00f3n del Campeonato del Mundo de Monta\u00f1a y Trail Running"},"content":{"rendered":"\n<p class=\"wp-block-paragraph\">Los Ayuntamientos de Jaca y Canfranc han suscrito un convenio de colaboraci\u00f3n referente a la celebraci\u00f3n del 24 al 28 de septiembre del Campeonato del Mundo de Monta\u00f1a y Trail Running CanfrancPirineos. Este acuerdo pretende aprovechar sinergias entre ambas localidades dentro de un evento internacional en el que van a participar 1.700 atletas procedentes de 80 pa\u00edses, y que va a atraer tambi\u00e9n a aficionados de todo el mundo al valle del Arag\u00f3n.<\/p>\n\n\n\n<p class=\"wp-block-paragraph\">El acuerdo se centra en la cesi\u00f3n de medios materiales y humanos por parte del Ayuntamiento de Jaca al del Canfranc para el correcto desarrollo de toda la log\u00edstica que contempla un evento de este nivel. En concreto, se cede el Palacio de Congresos para la recogida de acreditaciones y dorsales, se permite la instalaci\u00f3n de publicidad del mundial en farolas de Jaca y se pone a disposici\u00f3n del evento un t\u00e9cnico del \u00e1rea de Deportes del consistorio jaqu\u00e9s.<\/p>\n\n\n\n<p class=\"wp-block-paragraph\">Ser\u00e1 un acontecimiento a nivel mundial en nuestro territorio \u201cy siendo que Jaca est\u00e1 acostumbrada a albergar ya grandes eventos a nivel&nbsp;mundial, estamos muy satisfechos en el Ayuntamiento por esta colaboraci\u00f3n con&nbsp;Canfranc, porque para nosotros la magnitud de estos eventos deportivos est\u00e1n por encima de cualquier tema pol\u00edtico\u201d, ha asegurado el alcalde de Jaca, Carlos Serrano. Y es que ser\u00e1 un evento que \u201cunir\u00e1 todo el valle del Arag\u00f3n, desde Jaca a Canfranc\u201d. Por ello, \u201ctodos nos beneficiamos de este evento deportivo, por lo que es para congratularnos, ya que el deporte est\u00e1 por encima de todo\u201d.<\/p>\n\n\n\n<p class=\"wp-block-paragraph\">El alcalde se\u00f1ala que desde el Ayuntamiento \u201cpodemos aportar experiencia y al jefe del servicio de Deportes\u201d, con experiencia tambi\u00e9n en la organizaci\u00f3n de eventos, y que esta colaboraci\u00f3n \u201csirva para unir los lazos que tiene que haber en el valle\u201d. De esta manera, \u201cJaca se pone a disposici\u00f3n de Canfranc y el Mundial, y todos nuestros medios van a ser para apoyarlo\u201d. Hay que recordar que todos los atletas que participan en el Campeonato del Mundo se alojar\u00e1n en hoteles de Jaca, una muestra m\u00e1s del positivo impacto econ\u00f3mico que el evento va a tener no solo en Canfranc sino en todo el territorio.<\/p>\n\n\n\n<p class=\"wp-block-paragraph\">Por su parte, el alcalde de Canfranc, Fernando S\u00e1nchez, se mostraba agradecido y contento de la firma de este convenio, ya que \u201cJaca va a ser uno de los puntos neur\u00e1lgicos del mundial\u201d. Un acuerdo \u201cfundamental para la cesi\u00f3n de espacios y de medios humanos\u201d. S\u00e1nchez ha recordado que este evento deportivo generar\u00e1 un \u201cambiente tremendo\u201d en Jaca, por lo que anima a los jaqueses a disfrutar de esta fiesta del deporte de monta\u00f1a y a desplazarse a Canfranc durante las carreras \u201cpara animar en las salidas, llegadas y en el propio monte\u201d. As\u00ed, los corredores de 80 pa\u00edses que participar\u00e1n \u201cse sentir\u00e1n arropados\u201d.<\/p>\n\n\n\n<p class=\"wp-block-paragraph\">El alcalde de Canfranc ha subrayado que Jaca \u201cera clave\u201d a nivel log\u00edstico. Por lo que ha agradecido personalmente al alcalde y al concejal de Deportes, Sergio Cajal, su disposici\u00f3n desde el primer momento, ya que \u201cas\u00ed es como se hace territorio\u201d. \u201cEs un momento clase y aprovecharemos para poner nuestra zona en el mapa mundial, algo que es muy importante\u201d.<\/p>\n\n\n\n<p class=\"wp-block-paragraph\">S\u00e1nchez ha dejado claro que en este evento deportivo \u201cno habr\u00e1 afecciones en el medio natural, ya que no se realiza ning\u00fan tipo de intervenci\u00f3n en la monta\u00f1a\u201d. Va a ser una cita que \u201cgenerar\u00e1 impacto directo e indirecto en el territorio y sin afectar al medio ambiente\u201d, porque el turismo internacional \u201cnos da un plus, adem\u00e1s del fomento del deporte y la actividad deportiva en la monta\u00f1a\u201d.<\/p>\n\n\n\n<p class=\"wp-block-paragraph\">La colaboraci\u00f3n entre los dos ayuntamientos busca no solo garantizar el \u00e9xito del campeonato, sino tambi\u00e9n fomentar el desarrollo tur\u00edstico y econ\u00f3mico del valle, promoviendo y promocionando la riqueza natural del entorno.<\/p>\n","protected":false},"excerpt":{"rendered":"<p>Los Ayuntamientos de Jaca y Canfranc han suscrito un convenio de colaboraci\u00f3n referente a la celebraci\u00f3n del 24 al 28.. <span class=\"mil-el-more\"><span class=\"mil-link mil-dark mil-arrow-place mil-up\"><span>Leer M\u00e1s<\/span><\/span><\/span><\/p>\n","protected":false},"author":2,"featured_media":1632,"comment_status":"closed","ping_status":"open","sticky":false,"template":"","format":"standard","meta":{"_acf_changed":false,"footnotes":""},"categories":[1],"tags":[],"class_list":["post-1631","post","type-post","status-publish","format-standard","has-post-thumbnail","hentry","category-uncategorized"],"acf":[],"_links":{"self":[{"href":"https:\/\/canfrancpirineos2025wmtrc.com\/noticias\/index.php\/wp-json\/wp\/v2\/posts\/1631","targetHints":{"allow":["GET"]}}],"collection":[{"href":"https:\/\/canfrancpirineos2025wmtrc.com\/noticias\/index.php\/wp-json\/wp\/v2\/posts"}],"about":[{"href":"https:\/\/canfrancpirineos2025wmtrc.com\/noticias\/index.php\/wp-json\/wp\/v2\/types\/post"}],"author":[{"embeddable":true,"href":"https:\/\/canfrancpirineos2025wmtrc.com\/noticias\/index.php\/wp-json\/wp\/v2\/users\/2"}],"replies":[{"embeddable":true,"href":"https:\/\/canfrancpirineos2025wmtrc.com\/noticias\/index.php\/wp-json\/wp\/v2\/comments?post=1631"}],"version-history":[{"count":1,"href":"https:\/\/canfrancpirineos2025wmtrc.com\/noticias\/index.php\/wp-json\/wp\/v2\/posts\/1631\/revisions"}],"predecessor-version":[{"id":1633,"href":"https:\/\/canfrancpirineos2025wmtrc.com\/noticias\/index.php\/wp-json\/wp\/v2\/posts\/1631\/revisions\/1633"}],"wp:featuredmedia":[{"embeddable":true,"href":"https:\/\/canfrancpirineos2025wmtrc.com\/noticias\/index.php\/wp-json\/wp\/v2\/media\/1632"}],"wp:attachment":[{"href":"https:\/\/canfrancpirineos2025wmtrc.com\/noticias\/index.php\/wp-json\/wp\/v2\/media?parent=1631"}],"wp:term":[{"taxonomy":"category","embeddable":true,"href":"https:\/\/canfrancpirineos2025wmtrc.com\/noticias\/index.php\/wp-json\/wp\/v2\/categories?post=1631"},{"taxonomy":"post_tag","embeddable":true,"href":"https:\/\/canfrancpirineos2025wmtrc.com\/noticias\/index.php\/wp-json\/wp\/v2\/tags?post=1631"}],"curies":[{"name":"wp","href":"https:\/\/api.w.org\/{rel}","templated":true}]}}