{"id":1624,"date":"2025-07-24T08:39:06","date_gmt":"2025-07-24T08:39:06","guid":{"rendered":"https:\/\/canfrancpirineos2025wmtrc.com\/noticias\/?p=1624"},"modified":"2025-07-24T08:39:07","modified_gmt":"2025-07-24T08:39:07","slug":"el-campeonato-del-mundo-de-canfrancpirineos-consolidara-a-las-carreras-de-montana-y-trail-running-como-un-fenomeno-de-dimension-global","status":"publish","type":"post","link":"https:\/\/canfrancpirineos2025wmtrc.com\/noticias\/index.php\/2025\/07\/24\/el-campeonato-del-mundo-de-canfrancpirineos-consolidara-a-las-carreras-de-montana-y-trail-running-como-un-fenomeno-de-dimension-global\/","title":{"rendered":"El Campeonato del Mundo de CanfrancPirineos consolidar\u00e1 a las carreras de monta\u00f1a y trail running como un fen\u00f3meno de dimensi\u00f3n global"},"content":{"rendered":"\n<p class=\"wp-block-paragraph\"><strong>El presidente de la Federaci\u00f3n Internacional de Atletismo, Sebastian Coe, celebra a dos meses para la inauguraci\u00f3n del Campeonato del Mundo de Mountain &amp; Trail Running CanfrancPirineos, el auge de esta especialidad en todo el mundo, y asegura que la localidad oscense se erigir\u00e1 en un \u201cs\u00edmbolo de resistencia, exploraci\u00f3n y conexi\u00f3n\u201d. La ministra espa\u00f1ola de Educaci\u00f3n, Formaci\u00f3n Profesional y Deporte, Pilar Alegr\u00eda, considera, por su parte, que la gran cita deportiva va a reforzar el papel de Espa\u00f1a \u201ccomo referente global en la organizaci\u00f3n de grandes eventos deportivos en entornos naturales.\u201d<\/strong><\/p>\n\n\n\n<p class=\"wp-block-paragraph\">El pr\u00f3ximo 24 de septiembre se inaugurar\u00e1 oficialmente en CanfrancPirineos la tercera edici\u00f3n unificada del Campeonato del Mundo de Mountain &amp; Trail Running, con la presencia de 1.700 atletas procedentes de 80 pa\u00edses, la cifra m\u00e1s alta de participaci\u00f3n de su historia. En total se disputar\u00e1n cinco modalidades: &#8216;Uphill&#8217;, &#8216;Classic&#8217; y \u2018U20&#8242; &#8216;ShortTrail&#8217; y &#8216;LongTrail&#8217;.<\/p>\n\n\n\n<p class=\"wp-block-paragraph\">El Campeonato del Mundo se organiza bajo la supervisi\u00f3n de World Athletics y la colaboraci\u00f3n de World Mountain Running Association (WMRA), International Trail Running Association (ITRA), International Association of Ultrarunners (IAU), y la Real Federaci\u00f3n Espa\u00f1ola de Atletismo (RFEA). Cuenta adem\u00e1s con el respaldo del Consejo Superior de Deportes (CSD), Gobierno de Arag\u00f3n, Diputaci\u00f3n Provincial de Huesca (DPH) y Ayuntamiento de Canfranc.<\/p>\n\n\n\n<p class=\"wp-block-paragraph\">A falta de dos meses para la inauguraci\u00f3n del Campeonato del Mundo, se trabaja a fondo en los \u00faltimos detalles de la organizaci\u00f3n tanto en el \u00e1mbito deportivo como en el relacionado con la log\u00edstica, que supone un verdadero desaf\u00edo para Canfranc, una localidad que apenas supera los 600 habitantes. Todo el mundo va a estar pendiente del 24 al 28 de septiembre de este peque\u00f1o pueblo espa\u00f1ol del Pirineo aragon\u00e9s, conocido mundialmente por su ic\u00f3nica estaci\u00f3n de ferrocarril.<\/p>\n\n\n\n<p class=\"wp-block-paragraph\">Lord Sebastian Coe, presidente de World Athletics, augura que este campeonato, que va a reunir a los mejores corredores todoterreno del mundo, va a ser \u201cuna aut\u00e9ntica celebraci\u00f3n mundial de la resistencia, la resiliencia y la unidad en una de las disciplinas de running m\u00e1s din\u00e1micas y exigentes\u201d.<\/p>\n\n\n\n<p class=\"wp-block-paragraph\">En este sentido, se muestra convencido de que \u201cCanfranc, con su espectacular paisaje pirenaico y su rica historia, es un lugar que captura el esp\u00edritu de este deporte. Se erige como s\u00edmbolo de resistencia, exploraci\u00f3n y conexi\u00f3n, convirti\u00e9ndose en la sede perfecta para estos campeonatos en 2025\u201d.<\/p>\n\n\n\n<p class=\"wp-block-paragraph\">Coe se\u00f1ala que el Mundial de Canfranc va a ser un reflejo del impresionante auge en popularidad que est\u00e1n experimentando las carreras de monta\u00f1a y Trail Running, que ha permitido que se convierta r\u00e1pidamente \u201cen un movimiento global que une a diversas comunidades a trav\u00e9s de una pasi\u00f3n compartida por la naturaleza, la aventura y la competici\u00f3n, atrayendo a algunos de los paisajes m\u00e1s impresionantes y agrestes del mundo tanto a atletas de \u00e9lite como a corredores aficionados\u201d.<\/p>\n\n\n\n<figure class=\"wp-block-image size-large\"><img fetchpriority=\"high\" decoding=\"async\" width=\"1024\" height=\"683\" src=\"https:\/\/canfrancpirineos2025wmtrc.com\/noticias\/wp-content\/uploads\/2025\/07\/Pilar_Alegria-1024x683.jpg\" alt=\"\" class=\"wp-image-1626\" srcset=\"https:\/\/canfrancpirineos2025wmtrc.com\/noticias\/wp-content\/uploads\/2025\/07\/Pilar_Alegria-1024x683.jpg 1024w, https:\/\/canfrancpirineos2025wmtrc.com\/noticias\/wp-content\/uploads\/2025\/07\/Pilar_Alegria-300x200.jpg 300w, https:\/\/canfrancpirineos2025wmtrc.com\/noticias\/wp-content\/uploads\/2025\/07\/Pilar_Alegria-768x512.jpg 768w, https:\/\/canfrancpirineos2025wmtrc.com\/noticias\/wp-content\/uploads\/2025\/07\/Pilar_Alegria-1536x1024.jpg 1536w, https:\/\/canfrancpirineos2025wmtrc.com\/noticias\/wp-content\/uploads\/2025\/07\/Pilar_Alegria-2048x1365.jpg 2048w, https:\/\/canfrancpirineos2025wmtrc.com\/noticias\/wp-content\/uploads\/2025\/07\/Pilar_Alegria-950x633.jpg 950w, https:\/\/canfrancpirineos2025wmtrc.com\/noticias\/wp-content\/uploads\/2025\/07\/Pilar_Alegria-1920x1280.jpg 1920w\" sizes=\"(max-width: 1024px) 100vw, 1024px\" \/><\/figure>\n\n\n\n<p class=\"wp-block-paragraph\">En esta misma l\u00ednea se expresa la ministra de Educaci\u00f3n, Formaci\u00f3n Profesional y Deportes de Espa\u00f1a, Pilar Alegr\u00eda, quien conoce muy bien el territorio que va a albergar el Campeonato del Mundo. \u201cRepresenta una oportunidad \u00fanica para proyectar internacionalmente el Pirineo aragon\u00e9s y para consolidar esta zona como uno de los grandes escenarios naturales de deporte al aire libre\u201d, ha se\u00f1alado.<\/p>\n\n\n\n<p class=\"wp-block-paragraph\">La ministra espa\u00f1ola de Deporte considera que CanfrancPirineos 2025 va a ser un escaparate para este territorio fronterizo del norte de Espa\u00f1a, porque \u201cdar\u00e1 a conocer el potencial tur\u00edstico, econ\u00f3mico y medioambiental del Pirineo aragon\u00e9s, con un modelo que combina la excelencia deportiva y organizativa, el respeto al entorno y la promoci\u00f3n del medio rural\u201d.<\/p>\n","protected":false},"excerpt":{"rendered":"<p>El presidente de la Federaci\u00f3n Internacional de Atletismo, Sebastian Coe, celebra a dos meses para la inauguraci\u00f3n del Campeonato del.. <span class=\"mil-el-more\"><span class=\"mil-link mil-dark mil-arrow-place mil-up\"><span>Leer M\u00e1s<\/span><\/span><\/span><\/p>\n","protected":false},"author":2,"featured_media":1625,"comment_status":"closed","ping_status":"open","sticky":false,"template":"","format":"standard","meta":{"_acf_changed":false,"footnotes":""},"categories":[1],"tags":[],"class_list":["post-1624","post","type-post","status-publish","format-standard","has-post-thumbnail","hentry","category-uncategorized"],"acf":[],"_links":{"self":[{"href":"https:\/\/canfrancpirineos2025wmtrc.com\/noticias\/index.php\/wp-json\/wp\/v2\/posts\/1624","targetHints":{"allow":["GET"]}}],"collection":[{"href":"https:\/\/canfrancpirineos2025wmtrc.com\/noticias\/index.php\/wp-json\/wp\/v2\/posts"}],"about":[{"href":"https:\/\/canfrancpirineos2025wmtrc.com\/noticias\/index.php\/wp-json\/wp\/v2\/types\/post"}],"author":[{"embeddable":true,"href":"https:\/\/canfrancpirineos2025wmtrc.com\/noticias\/index.php\/wp-json\/wp\/v2\/users\/2"}],"replies":[{"embeddable":true,"href":"https:\/\/canfrancpirineos2025wmtrc.com\/noticias\/index.php\/wp-json\/wp\/v2\/comments?post=1624"}],"version-history":[{"count":1,"href":"https:\/\/canfrancpirineos2025wmtrc.com\/noticias\/index.php\/wp-json\/wp\/v2\/posts\/1624\/revisions"}],"predecessor-version":[{"id":1627,"href":"https:\/\/canfrancpirineos2025wmtrc.com\/noticias\/index.php\/wp-json\/wp\/v2\/posts\/1624\/revisions\/1627"}],"wp:featuredmedia":[{"embeddable":true,"href":"https:\/\/canfrancpirineos2025wmtrc.com\/noticias\/index.php\/wp-json\/wp\/v2\/media\/1625"}],"wp:attachment":[{"href":"https:\/\/canfrancpirineos2025wmtrc.com\/noticias\/index.php\/wp-json\/wp\/v2\/media?parent=1624"}],"wp:term":[{"taxonomy":"category","embeddable":true,"href":"https:\/\/canfrancpirineos2025wmtrc.com\/noticias\/index.php\/wp-json\/wp\/v2\/categories?post=1624"},{"taxonomy":"post_tag","embeddable":true,"href":"https:\/\/canfrancpirineos2025wmtrc.com\/noticias\/index.php\/wp-json\/wp\/v2\/tags?post=1624"}],"curies":[{"name":"wp","href":"https:\/\/api.w.org\/{rel}","templated":true}]}}