{"id":1614,"date":"2025-07-14T16:12:30","date_gmt":"2025-07-14T16:12:30","guid":{"rendered":"https:\/\/canfrancpirineos2025wmtrc.com\/noticias\/?p=1614"},"modified":"2025-07-16T16:34:46","modified_gmt":"2025-07-16T16:34:46","slug":"canfranc-y-las-carreras-de-montana-una-historia-que-comenzo-en-1928","status":"publish","type":"post","link":"https:\/\/canfrancpirineos2025wmtrc.com\/noticias\/index.php\/2025\/07\/14\/canfranc-y-las-carreras-de-montana-una-historia-que-comenzo-en-1928\/","title":{"rendered":"Canfranc y las carreras de monta\u00f1a, una historia que comenz\u00f3 en 1928"},"content":{"rendered":"\n<p class=\"wp-block-paragraph\"><strong>Un alud arras\u00f3 Los Ara\u00f1ones en el a\u00f1o 1040 expulsando a sus pobladores. Casi mil a\u00f1os despu\u00e9s, esa misma explanada pirenaica, protegida ahora por millones de \u00e1rboles y cientos de diques secos, acoger\u00e1 el Campeonato del Mundo de Mountain &amp; Trail Running en torno a la Estaci\u00f3n internacional de Canfranc, que el pr\u00f3ximo 18 de Julio celebra su 97 cumplea\u00f1os.<\/strong><\/p>\n\n\n\n<p class=\"wp-block-paragraph\">Entender la pasi\u00f3n de los canfranqueses por las carreras de monta\u00f1a resulta imposible sin conocer su geograf\u00eda, historia y su muy peculiar relaci\u00f3n con las monta\u00f1as. Hace cien a\u00f1os se plantaron siete millones de \u00e1rboles donde no hab\u00eda m\u00e1s que rocas, se gener\u00f3 energ\u00eda con las aguas de los ibones y del deshielo y se pusieron en pr\u00e1ctica modelos en los campos de la ingenier\u00eda civil e hidrol\u00f3gico forestal que son hoy ejemplo en el mundo entero.<\/p>\n\n\n\n<p class=\"wp-block-paragraph\"><strong>Canfranc naci\u00f3 en el siglo XI como \u201cCampus francus\u201d <\/strong>cuando los habitantes de Los Ara\u00f1ones se vieron desplazados del llano alpino y buscaron refugio para reconstruir sus vidas en lo que hoy llamamos Canfranc Pueblo. Desde entonces, se volcaron en la hospitalidad, como prueban los restos jacobeos del medieval Hospital de Santa Cristina de Somport en la actual Candanchu, o el puente de los peregrinos en Canfranc, construido en el siglo XI y reconstruido en 1599.<\/p>\n\n\n\n<p class=\"wp-block-paragraph\">Vivir de frente a las monta\u00f1as y fundidos con ellas hicieron de esta tierra el lugar elegido para levantar en 1928 la ic\u00f3nica estaci\u00f3n internacional hispanofrancesa de tren, bajo el proyecto de <strong>Fernando Ram\u00edrez de Dampierre<\/strong>. Un logro imposible sin el revolucionario m\u00e9todo del \u201cdique seco\u201d con que el ingeniero forestal <strong>Benito Ayerbe <\/strong>y cientos de trabajadores venidos de toda Espa\u00f1a mostraron al mundo, a puro pico y pala con mulos porteando, c\u00f3mo crear de la nada en unas monta\u00f1as ariscas y peladas bosques espl\u00e9ndidos y muros de roca local abiertos, que cien a\u00f1os despu\u00e9s siguen protegiendo a la estaci\u00f3n y a los canfranqueses tanto como enriquecen la flora y fauna de estas monta\u00f1as.<\/p>\n\n\n\n<p class=\"wp-block-paragraph\"><strong>Canfranc, meca de los deportes de monta\u00f1a<\/strong><\/p>\n\n\n\n<p class=\"wp-block-paragraph\"><strong>La llegada del esqu\u00ed a Espa\u00f1a prendi\u00f3 con gran fuerza en 1928. <\/strong>Ya en 1925 en Zaragoza, el esquiador pionero <strong>Lorenzo Almarza <\/strong>so\u00f1\u00f3 con una estaci\u00f3n en sus monta\u00f1as. Desde 1927, el esqu\u00ed de monta\u00f1a fue habitual entre los militares del Col de Ladrones, bajo la direcci\u00f3n del capit\u00e1n <strong>Eugenio Bonelli. <\/strong>L\u00f3gico pues que, apenas llegar en julio de 1928 el tren a Canfranc, ese invierno lo siguiera la apertura de la estaci\u00f3n<\/p>\n\n\n\n<p class=\"wp-block-paragraph\">de esqu\u00ed de Candanch\u00fa con un estilo propio: alpina y exigente en lo t\u00e9cnico, pero con un esp\u00edritu abierto a todos.<\/p>\n\n\n\n<p class=\"wp-block-paragraph\"><strong>El Marat\u00f3n de Monta\u00f1a Canfranc Canfranc naci\u00f3 en 2007 con el mismo esp\u00edritu<\/strong><\/p>\n\n\n\n<p class=\"wp-block-paragraph\">Se cre\u00f3 un trazado tan l\u00f3gico desde el punto de vista monta\u00f1ero como feroz desde el punto de vista atl\u00e9tico. Fue el primer \u201ccuatromil\u201d entre los maratones alpinos espa\u00f1oles y hoy, casi 20 a\u00f1os despu\u00e9s, su palmar\u00e9s es un verdadero \u201cquien es quien\u201d de los grandes corredores de monta\u00f1a de medio mundo, que han dejado aqu\u00ed sus huellas.<\/p>\n\n\n\n<p class=\"wp-block-paragraph\">El actual alcalde de Canfranc, <strong>Fernando S\u00e1nchez, <\/strong>lo recuerda con un punto de nostalgia: \u201cCuando empezamos con la primera Canfranc-Canfranc yo ya estaba<br>all\u00ed. Siendo la misma Marat\u00f3n que se va a hacer en el Mundial, me acuerdo de que salieron entonces poco m\u00e1s de 20 personas. Era una cosita m\u00e1s que hac\u00edamos, donde ten\u00edamos mucha ilusi\u00f3n, pero estuvimos muchos a\u00f1os apostando por ella sin pasar nunca de 140 inscritos. Al final decidimos darle un impulso para dar a conocer nuestras monta\u00f1as como se merec\u00edan. Creamos un recorrido ultra que coronaba hasta diez de las cimas vecinas&#8230; y los corredores confiaron en nosotros. Desde entonces acudieron en masa y hoy en todo el mundo se habla de CanfrancPirineos\u201d.<\/p>\n\n\n\n<p class=\"wp-block-paragraph\"><strong>As\u00ed fue como en 2015 ese marat\u00f3n pionero se fue abriendo a otras modalidades <\/strong>Llegaron las grandes <strong>ultras, <\/strong>con los m\u00edticos 100km m\u00e1s largos del mundo (100k\/D+8.840m), la descomunal <strong>vertical <\/strong>trepando del circo de Rioseta a la cima de Tuca Blanca (4k\/D+950m) o su hermana al vecino Port\u00e9 (38k\/D+1.100m) sin olvidar la modalidad <strong>Classic <\/strong>y el impresionante sube-baja a La Moleta (16k\/D+1.600m).<\/p>\n\n\n\n<p class=\"wp-block-paragraph\">La enorme personalidad de estos trazados tan l\u00f3gicos y duros desde el punto de vista del trail running conquistaron a las federaciones, tanto la FEDME de Monta\u00f1a como la RFEA de Atletismo, quienes fueron confiando en Canfranc para organizar campeonatos de Arag\u00f3n primero, de Espa\u00f1a despu\u00e9s, luego Copas del Mundo y por fin, en 2024 el primer Mundial Master como antesala del Campeonato del Mundo de Mountain &amp; Trail Running que se celebrar\u00e1 este pr\u00f3ximo mes de septiembre 2028.<\/p>\n\n\n\n<p class=\"wp-block-paragraph\">All\u00e1 donde est\u00e9n hoy, seguro que Fernando Ram\u00edrez de Dampierre, Benito Ayerbe, Eugenio Bonelli y Lorenzo Almarza sonreir\u00e1n al ver el desfile de las 80 naciones del pr\u00f3ximo 24 septiembre. <strong>Porque con ellos hace 97 a\u00f1os empez\u00f3 todo.<\/strong><\/p>\n\n\n\n<p class=\"wp-block-paragraph\"><strong>SERGIO MAYAYO | Press office manager WMTRC 2025<br><\/strong><\/p>\n","protected":false},"excerpt":{"rendered":"<p>Un alud arras\u00f3 Los Ara\u00f1ones en el a\u00f1o 1040 expulsando a sus pobladores. Casi mil a\u00f1os despu\u00e9s, esa misma explanada.. <span class=\"mil-el-more\"><span class=\"mil-link mil-dark mil-arrow-place mil-up\"><span>Leer M\u00e1s<\/span><\/span><\/span><\/p>\n","protected":false},"author":2,"featured_media":1615,"comment_status":"closed","ping_status":"open","sticky":false,"template":"","format":"standard","meta":{"_acf_changed":false,"footnotes":""},"categories":[23],"tags":[29,28],"class_list":["post-1614","post","type-post","status-publish","format-standard","has-post-thumbnail","hentry","category-espanol","tag-canfrancpirineos2025","tag-wmtrc2025"],"acf":[],"_links":{"self":[{"href":"https:\/\/canfrancpirineos2025wmtrc.com\/noticias\/index.php\/wp-json\/wp\/v2\/posts\/1614","targetHints":{"allow":["GET"]}}],"collection":[{"href":"https:\/\/canfrancpirineos2025wmtrc.com\/noticias\/index.php\/wp-json\/wp\/v2\/posts"}],"about":[{"href":"https:\/\/canfrancpirineos2025wmtrc.com\/noticias\/index.php\/wp-json\/wp\/v2\/types\/post"}],"author":[{"embeddable":true,"href":"https:\/\/canfrancpirineos2025wmtrc.com\/noticias\/index.php\/wp-json\/wp\/v2\/users\/2"}],"replies":[{"embeddable":true,"href":"https:\/\/canfrancpirineos2025wmtrc.com\/noticias\/index.php\/wp-json\/wp\/v2\/comments?post=1614"}],"version-history":[{"count":1,"href":"https:\/\/canfrancpirineos2025wmtrc.com\/noticias\/index.php\/wp-json\/wp\/v2\/posts\/1614\/revisions"}],"predecessor-version":[{"id":1616,"href":"https:\/\/canfrancpirineos2025wmtrc.com\/noticias\/index.php\/wp-json\/wp\/v2\/posts\/1614\/revisions\/1616"}],"wp:featuredmedia":[{"embeddable":true,"href":"https:\/\/canfrancpirineos2025wmtrc.com\/noticias\/index.php\/wp-json\/wp\/v2\/media\/1615"}],"wp:attachment":[{"href":"https:\/\/canfrancpirineos2025wmtrc.com\/noticias\/index.php\/wp-json\/wp\/v2\/media?parent=1614"}],"wp:term":[{"taxonomy":"category","embeddable":true,"href":"https:\/\/canfrancpirineos2025wmtrc.com\/noticias\/index.php\/wp-json\/wp\/v2\/categories?post=1614"},{"taxonomy":"post_tag","embeddable":true,"href":"https:\/\/canfrancpirineos2025wmtrc.com\/noticias\/index.php\/wp-json\/wp\/v2\/tags?post=1614"}],"curies":[{"name":"wp","href":"https:\/\/api.w.org\/{rel}","templated":true}]}}