{"id":1609,"date":"2025-07-16T15:55:37","date_gmt":"2025-07-16T15:55:37","guid":{"rendered":"https:\/\/canfrancpirineos2025wmtrc.com\/noticias\/?p=1609"},"modified":"2025-07-16T16:00:10","modified_gmt":"2025-07-16T16:00:10","slug":"adidas-terrex-se-convierte-en-patrocinador-oficial-del-campeonato-del-mundo-de-mountain-trail-running-canfranc-pirineos-2025","status":"publish","type":"post","link":"https:\/\/canfrancpirineos2025wmtrc.com\/noticias\/index.php\/2025\/07\/16\/adidas-terrex-se-convierte-en-patrocinador-oficial-del-campeonato-del-mundo-de-mountain-trail-running-canfranc-pirineos-2025\/","title":{"rendered":"adidas TERREX se convierte en Patrocinador Oficial de CanfrancPirineos 2025"},"content":{"rendered":"\n<p class=\"wp-block-paragraph\"><a><strong>adidas TERREX y la organizaci\u00f3n del Campeonato del Mundo de Monta\u00f1a y Trail Running, que se celebrar\u00e1 en Canfranc del 24 al 28 del pr\u00f3ximo mes de septiembre, han alcanzado un acuerdo por el cual la firma deportiva se convierte en Patrocinador Oficial del evento deportivo. adidas TERREX, adem\u00e1s, vestir\u00e1 a los voluntarios y al equipo de la organizaci\u00f3n durante la celebraci\u00f3n del evento y desempe\u00f1ar\u00e1 un papel fundamental como socio estrat\u00e9gico.<\/strong><\/a><\/p>\n\n\n\n<p class=\"wp-block-paragraph\">adidas TERREX ser\u00e1 Patrocinador Oficial del Campeonato del Mundo de Monta\u00f1a y Trail Running CanfrancPirineos 2025, una de las grandes citas deportivas del a\u00f1o tanto en Arag\u00f3n como a nivel nacional. Va a ser la primera vez que Espa\u00f1a albergue un Mundial de esta disciplina, una de las que m\u00e1s ha crecido en n\u00famero de practicantes y federados en todo el mundo en los \u00faltimos a\u00f1os bajo los auspicios de la Federaci\u00f3n Internacional de Atletismo.<\/p>\n\n\n\n<p class=\"wp-block-paragraph\">El Campeonato del Mundo de Canfranc cuenta con el respaldo del Consejo Superior de Deportes (CSD), Gobierno de Arag\u00f3n, Diputaci\u00f3n Provincial de Huesca (DPH), Ayuntamiento de Canfranc y la Real Federaci\u00f3n Espa\u00f1ola de Atletismo (RFEA).<\/p>\n\n\n\n<p class=\"wp-block-paragraph\">La incorporaci\u00f3n de adidas TERREX ha sido valorada muy positivamente por el alcalde de Canfranc, Fernando S\u00e1nchez, quien ha se\u00f1alado que \u201cla vinculaci\u00f3n del Campeonato del Mundo y de nuestra localidad a una de las firmas deportivas m\u00e1s importantes a nivel mundial es un gran aval al esfuerzo que venimos realizando desde hace a\u00f1os por la promoci\u00f3n del trail running y tambi\u00e9n la ratificaci\u00f3n de la dimensi\u00f3n que tiene el Mundial, que va a ser uno de los grandes acontecimientos deportivos del a\u00f1o\u201d.<\/p>\n\n\n\n<p class=\"wp-block-paragraph\">El Campeonato del Mundo de Monta\u00f1a y Trail Running CanfrancPirineos 2025 contar\u00e1 con la participaci\u00f3n de m\u00e1s de 1.700 atletas procedentes de 80 pa\u00edses. En las monta\u00f1as de Canfranc competir\u00e1n los mejores corredores del mundo en un campeonato que se organiza bajo el paraguas de World Athletics, World Mountain Running Association (WMRA), y la colaboraci\u00f3n de International Trail Running Association (ITRA), International Association of Ultrarunners (IAU), y la Real Federaci\u00f3n Espa\u00f1ola de Atletismo (RFEA). En total se disputar\u00e1n cinco modalidades: &#8216;Uphill&#8217;, &#8216;Classic&#8217; y \u2018U20&#8242; en carreras de monta\u00f1a; y &#8216;ShortTrail&#8217; y &#8216;LongTrail&#8217; en trail running.&nbsp;<\/p>\n\n\n\n<p class=\"wp-block-paragraph\"><strong>Sobre adidas TERREX<\/strong><\/p>\n\n\n\n<p class=\"wp-block-paragraph\">adidas TERREX es un l\u00edder mundial en la industria de art\u00edculos deportivos para actividades al aire libre. Con la misi\u00f3n de permitir que todos vivamos una vida m\u00e1s conectada, consciente y aventurera, adidas TERREX combina tecnolog\u00edas de alto rendimiento con dise\u00f1os vanguardistas para resistir las fuerzas de la naturaleza e inspirar a cada ser humano a encontrar sus propias cumbres. www.adidas.com\/terrex<\/p>\n","protected":false},"excerpt":{"rendered":"<p>adidas TERREX y la organizaci\u00f3n del Campeonato del Mundo de Monta\u00f1a y Trail Running, que se celebrar\u00e1 en Canfranc del.. <span class=\"mil-el-more\"><span class=\"mil-link mil-dark mil-arrow-place mil-up\"><span>Leer M\u00e1s<\/span><\/span><\/span><\/p>\n","protected":false},"author":2,"featured_media":1610,"comment_status":"closed","ping_status":"open","sticky":false,"template":"","format":"standard","meta":{"_acf_changed":false,"footnotes":""},"categories":[1],"tags":[],"class_list":["post-1609","post","type-post","status-publish","format-standard","has-post-thumbnail","hentry","category-uncategorized"],"acf":[],"_links":{"self":[{"href":"https:\/\/canfrancpirineos2025wmtrc.com\/noticias\/index.php\/wp-json\/wp\/v2\/posts\/1609","targetHints":{"allow":["GET"]}}],"collection":[{"href":"https:\/\/canfrancpirineos2025wmtrc.com\/noticias\/index.php\/wp-json\/wp\/v2\/posts"}],"about":[{"href":"https:\/\/canfrancpirineos2025wmtrc.com\/noticias\/index.php\/wp-json\/wp\/v2\/types\/post"}],"author":[{"embeddable":true,"href":"https:\/\/canfrancpirineos2025wmtrc.com\/noticias\/index.php\/wp-json\/wp\/v2\/users\/2"}],"replies":[{"embeddable":true,"href":"https:\/\/canfrancpirineos2025wmtrc.com\/noticias\/index.php\/wp-json\/wp\/v2\/comments?post=1609"}],"version-history":[{"count":3,"href":"https:\/\/canfrancpirineos2025wmtrc.com\/noticias\/index.php\/wp-json\/wp\/v2\/posts\/1609\/revisions"}],"predecessor-version":[{"id":1613,"href":"https:\/\/canfrancpirineos2025wmtrc.com\/noticias\/index.php\/wp-json\/wp\/v2\/posts\/1609\/revisions\/1613"}],"wp:featuredmedia":[{"embeddable":true,"href":"https:\/\/canfrancpirineos2025wmtrc.com\/noticias\/index.php\/wp-json\/wp\/v2\/media\/1610"}],"wp:attachment":[{"href":"https:\/\/canfrancpirineos2025wmtrc.com\/noticias\/index.php\/wp-json\/wp\/v2\/media?parent=1609"}],"wp:term":[{"taxonomy":"category","embeddable":true,"href":"https:\/\/canfrancpirineos2025wmtrc.com\/noticias\/index.php\/wp-json\/wp\/v2\/categories?post=1609"},{"taxonomy":"post_tag","embeddable":true,"href":"https:\/\/canfrancpirineos2025wmtrc.com\/noticias\/index.php\/wp-json\/wp\/v2\/tags?post=1609"}],"curies":[{"name":"wp","href":"https:\/\/api.w.org\/{rel}","templated":true}]}}