{"id":1602,"date":"2025-04-14T13:39:07","date_gmt":"2025-04-14T13:39:07","guid":{"rendered":"https:\/\/canfrancpirineos2025wmtrc.com\/noticias\/?p=1602"},"modified":"2025-04-14T13:41:02","modified_gmt":"2025-04-14T13:41:02","slug":"amplio-respaldo-institucional-en-la-presentacion-del-cartel-oficial-del-campeonato-del-mundo","status":"publish","type":"post","link":"https:\/\/canfrancpirineos2025wmtrc.com\/noticias\/index.php\/2025\/04\/14\/amplio-respaldo-institucional-en-la-presentacion-del-cartel-oficial-del-campeonato-del-mundo\/","title":{"rendered":"Amplio respaldo institucional en la presentaci\u00f3n del cartel oficial del Campeonato del Mundo"},"content":{"rendered":"\n<p class=\"wp-block-paragraph\"><strong>El Campeonato del Mundo de Mountain &amp; Trail Running, que se celebrar\u00e1 en Canfranc del 24 al 28 del pr\u00f3ximo mes de septiembre, ha presentado esta ma\u00f1ana en Zaragoza su cartel oficial, obra del artista madrile\u00f1o residente en Tramacastilla de Tena, Ricardo Montoro. Se trata de la primera vez en la historia de este evento deportivo que se apuesta por el trabajo de un artista pl\u00e1stico para elaborar su imagen m\u00e1s representativa.<\/strong><\/p>\n\n\n\n<p class=\"wp-block-paragraph\"><\/p>\n\n\n\n<p class=\"wp-block-paragraph\">El acto se ha desarrollado en el Museo IAACC Pablo Serrano de Zaragoza y ha servido tambi\u00e9n para escenificar p\u00fablicamente el gran respaldo institucional a todos los niveles con el que cuenta el Mundial, que va a ser una de las grandes citas deportivas del a\u00f1o no solo en Arag\u00f3n sino tambi\u00e9n en Espa\u00f1a.<\/p>\n\n\n\n<p class=\"wp-block-paragraph\"><\/p>\n\n\n\n<p class=\"wp-block-paragraph\"><\/p>\n\n\n\n<p class=\"wp-block-paragraph\">Han asistido la ministra de Educaci\u00f3n, Formaci\u00f3n Profesional y Deportes del Gobierno de Espa\u00f1a, Pilar Alegria; la consejera de Educaci\u00f3n, Cultura y Deporte del Gobierno de Arag\u00f3n, Tomasa Hern\u00e1ndez; el consejero de Medio Ambiente y Turismo del Gobierno de Arag\u00f3n, Manuel Blasco; el presidente de la Diputaci\u00f3n Provincial de Huesca, Isaac Claver; el alcalde de Canfranc, Fernando S\u00e1nchez; el director del Campeonato del Mundo, Alex Varela y el propio Ricardo Montoro.<\/p>\n\n\n\n<p class=\"wp-block-paragraph\"><\/p>\n\n\n\n<figure class=\"wp-block-image size-large\"><img fetchpriority=\"high\" decoding=\"async\" width=\"1024\" height=\"683\" src=\"https:\/\/canfrancpirineos2025wmtrc.com\/noticias\/wp-content\/uploads\/2025\/04\/0J4A1351-1024x683.jpg\" alt=\"\" class=\"wp-image-1604\" srcset=\"https:\/\/canfrancpirineos2025wmtrc.com\/noticias\/wp-content\/uploads\/2025\/04\/0J4A1351-1024x683.jpg 1024w, https:\/\/canfrancpirineos2025wmtrc.com\/noticias\/wp-content\/uploads\/2025\/04\/0J4A1351-300x200.jpg 300w, https:\/\/canfrancpirineos2025wmtrc.com\/noticias\/wp-content\/uploads\/2025\/04\/0J4A1351-768x512.jpg 768w, https:\/\/canfrancpirineos2025wmtrc.com\/noticias\/wp-content\/uploads\/2025\/04\/0J4A1351-1536x1024.jpg 1536w, https:\/\/canfrancpirineos2025wmtrc.com\/noticias\/wp-content\/uploads\/2025\/04\/0J4A1351-2048x1365.jpg 2048w, https:\/\/canfrancpirineos2025wmtrc.com\/noticias\/wp-content\/uploads\/2025\/04\/0J4A1351-950x633.jpg 950w, https:\/\/canfrancpirineos2025wmtrc.com\/noticias\/wp-content\/uploads\/2025\/04\/0J4A1351-1920x1280.jpg 1920w\" sizes=\"(max-width: 1024px) 100vw, 1024px\" \/><\/figure>\n\n\n\n<p class=\"wp-block-paragraph\"><\/p>\n\n\n\n<p class=\"wp-block-paragraph\">Montoro ha explicado que el cartel \u201cha sido una visi\u00f3n de una de mis l\u00edneas de trabajo llamada <em>Minimun,<\/em> donde prima la sencillez y donde con pocos trozos trato de plasmar los momentos. Esto es en el caso del personaje, la monta\u00f1a y la l\u00ednea que llega desde el corredor, que representa la uni\u00f3n entre los dos elementos. He utilizado tinta, acr\u00edlico y acuarela en su ejecuci\u00f3n\u201d.<\/p>\n\n\n\n<p class=\"wp-block-paragraph\"><\/p>\n\n\n\n<p class=\"wp-block-paragraph\"><\/p>\n\n\n\n<p class=\"wp-block-paragraph\">Alex Varela, director del Campeonato del Mundo, ha recordado que la decisi\u00f3n de encargarle el cartel oficial del evento a Montoro se ha basado \u201cen la capacidad que siempre ha mostrado el artista para vincular de una manera \u00fanica el deporte de monta\u00f1a y el medio natural con trazos sencillos, de una forma muy gr\u00e1fica y eficaz\u201d.<\/p>\n\n\n\n<p class=\"wp-block-paragraph\"><\/p>\n\n\n\n<p class=\"wp-block-paragraph\"><\/p>\n\n\n\n<p class=\"wp-block-paragraph\">Fernando S\u00e1nchez, alcalde de Canfranc, ha afirmado que la celebraci\u00f3n de este Mundial va a ser una demostraci\u00f3n de que \u201cel mundo rural no est\u00e1 condenado a desaparecer, sino preparado para liderar desde la sostenibilidad, la calidad y la identidad\u201d. En esta l\u00ednea se ha manifestado el presidente de la DPH, Isaac Claver, quien ha puesto el foco en las potencialidades tur\u00edsticas de la provincia de Huesca \u201cy en su capacidad para ser uno de los destinos en deportes de aventura y actividades al aire libre m\u00e1s atractivos del mundo. Tenemos una magia que nos caracteriza y la demostramos en todo lo que organizamos y lo mostramos en todos los rincones de nuestra provincia\u201d.<\/p>\n\n\n\n<p class=\"wp-block-paragraph\"><\/p>\n\n\n\n<figure class=\"wp-block-image size-large\"><img decoding=\"async\" width=\"1024\" height=\"683\" src=\"https:\/\/canfrancpirineos2025wmtrc.com\/noticias\/wp-content\/uploads\/2025\/04\/0J4A1455-1024x683.jpg\" alt=\"\" class=\"wp-image-1605\" srcset=\"https:\/\/canfrancpirineos2025wmtrc.com\/noticias\/wp-content\/uploads\/2025\/04\/0J4A1455-1024x683.jpg 1024w, https:\/\/canfrancpirineos2025wmtrc.com\/noticias\/wp-content\/uploads\/2025\/04\/0J4A1455-300x200.jpg 300w, https:\/\/canfrancpirineos2025wmtrc.com\/noticias\/wp-content\/uploads\/2025\/04\/0J4A1455-768x512.jpg 768w, https:\/\/canfrancpirineos2025wmtrc.com\/noticias\/wp-content\/uploads\/2025\/04\/0J4A1455-1536x1024.jpg 1536w, https:\/\/canfrancpirineos2025wmtrc.com\/noticias\/wp-content\/uploads\/2025\/04\/0J4A1455-2048x1365.jpg 2048w, https:\/\/canfrancpirineos2025wmtrc.com\/noticias\/wp-content\/uploads\/2025\/04\/0J4A1455-950x633.jpg 950w, https:\/\/canfrancpirineos2025wmtrc.com\/noticias\/wp-content\/uploads\/2025\/04\/0J4A1455-1920x1280.jpg 1920w\" sizes=\"(max-width: 1024px) 100vw, 1024px\" \/><\/figure>\n\n\n\n<p class=\"wp-block-paragraph\"><\/p>\n\n\n\n<p class=\"wp-block-paragraph\">El consejero de Medio Ambiente y Turismo, Manuel Blasco, ha expresado su satisfacci\u00f3n por la celebraci\u00f3n de esta prueba en Canfranc, dado que \u201cse hace en un espacio natural protegido en el Pirineo y supondr\u00e1 un impulso fundamental al turismo. Los eventos deportivos son un aut\u00e9ntico motor tur\u00edstico y de dinamizaci\u00f3n para la comunidad\u201d, ha manifestado.<\/p>\n\n\n\n<p class=\"wp-block-paragraph\"><\/p>\n\n\n\n<p class=\"wp-block-paragraph\"><\/p>\n\n\n\n<p class=\"wp-block-paragraph\">La consejera de Educaci\u00f3n, Cultura y Deporte del Gobierno de Arag\u00f3n, Tomasa Hern\u00e1ndez, ha dado la enhorabuena a Canfranc por acoger el mundial \u201cen un entorno natural privilegiado\u201d y ha asegurado que \u201cqueremos que Arag\u00f3n est\u00e9 en el mapa internacional de eventos deportivos\u201d, para observar tambi\u00e9n que este tipo de competiciones \u201cson un ejemplo para el deporte base, para que nuestros j\u00f3venes tengan referentes\u201d, ha afirmado.<\/p>\n\n\n\n<p class=\"wp-block-paragraph\"><\/p>\n\n\n\n<p class=\"wp-block-paragraph\"><\/p>\n\n\n\n<p class=\"wp-block-paragraph\">Finalmente, la ministra de Educaci\u00f3n, Formaci\u00f3n Profesional y Deportes del Gobierno de Espa\u00f1a, Pilar Alegr\u00eda, ha afirmado que \u201cla organizaci\u00f3n de este Mundial es un derecho que se ha ganado Canfranc con todo el esfuerzo, ilusi\u00f3n y entusiasmo que viene depositando en su celebraci\u00f3n desde hace muchos a\u00f1os\u201d. Alegr\u00eda considera que va a ser una oportunidad \u201cpara mostrar al mundo nuestro valioso patrimonio hist\u00f3rico y natural\u201d.<\/p>\n\n\n\n<p class=\"wp-block-paragraph\"><\/p>\n\n\n\n<p class=\"wp-block-paragraph\"><\/p>\n\n\n\n<p class=\"wp-block-paragraph\">El Campeonato del Mundo CanfrancPirineos 2025 se organiza bajo el paraguas de World Athletics y la colaboraci\u00f3n de World Mountain Running Association (WMRA), la International Trail Running Association (ITRA), International Association of Ultrarunners (IAU), y la Real Federaci\u00f3n Espa\u00f1ola de Atletismo (RFEA).<\/p>\n\n\n\n<p class=\"wp-block-paragraph\"><\/p>\n\n\n\n<p class=\"wp-block-paragraph\"><\/p>\n\n\n\n<p class=\"wp-block-paragraph\">La cita espa\u00f1ola y aragonesa va a batir todos los r\u00e9cords hist\u00f3ricos de participaci\u00f3n. La semana pasada se cerr\u00f3 el plazo de preinscripciones y se han contabilizado m\u00e1s de 1.700 deportistas y t\u00e9cnicos procedentes de 75 pa\u00edses, unas cifras que superan ampliamente las del \u00faltimo Mundial celebrado en Innsbruck-Stubai en 2023. Estos datos confirman la impresionante pujanza que est\u00e1 experimentando el Trail a nivel mundial, con unas cifras de crecimiento anual de practicantes en torno al 21%, seg\u00fan los datos que maneja World Atheltics.<\/p>\n\n\n\n<p class=\"wp-block-paragraph\"><\/p>\n\n\n\n<p class=\"wp-block-paragraph\"><\/p>\n\n\n\n<p class=\"wp-block-paragraph\">En Canfranc se disputar\u00e1n cinco modalidades: &#8216;Uphill&#8217;, &#8216;Classic&#8217; y \u2018U20&#8242; en carreras de monta\u00f1a; y &#8216;ShortTrail&#8217; y &#8216;LongTrail&#8217; en trail running. Espa\u00f1a y el Pirineo, la segunda cordillera monta\u00f1osa m\u00e1s importante de Europa, albergar\u00e1n por primera vez en su historia este gran acontecimiento deportivo en la localidad de Canfranc, conocida mundialmente por su ic\u00f3nica Estaci\u00f3n Internacional de Ferrocarril, que est\u00e1 punto de cumplir cien a\u00f1os de historia.<\/p>\n\n\n\n<p class=\"wp-block-paragraph\"><\/p>\n\n\n\n<p class=\"wp-block-paragraph\"><\/p>\n\n\n\n<p class=\"wp-block-paragraph\"><strong>Sobre Ricardo Montoro (Madrid, 1995)<\/strong><\/p>\n\n\n\n<p class=\"wp-block-paragraph\"><\/p>\n\n\n\n<p class=\"wp-block-paragraph\">Ricardo Montoro es gu\u00eda de alta monta\u00f1a y artista. Vive en el Pirineo desde hace muchas d\u00e9cadas, donde ejerce sus dos profesiones y tambi\u00e9n sus dos pasiones. Su obra est\u00e1 muy relacionada con el mundo de la monta\u00f1a y el esqu\u00ed, ha realizado exposiciones en Tur\u00edn, Chamonix, Grenoble, Noruega, Barcelona, Zaragoza, Jaca\u2026 y ha colaborado con revistas nacionales e internacionales como Desnivel o Backline, y con marcas como Trangoworld. Con Salom\u00f3n ha desarrollad dise\u00f1os de esqu\u00eds y ropa a trav\u00e9s de sus pinturas. La obra de Ricardo Montoro ha viajado por numerosos pa\u00edses en exposiciones colectivas e individuales.<\/p>\n","protected":false},"excerpt":{"rendered":"<p>El Campeonato del Mundo de Mountain &amp; Trail Running, que se celebrar\u00e1 en Canfranc del 24 al 28 del pr\u00f3ximo.. <span class=\"mil-el-more\"><span class=\"mil-link mil-dark mil-arrow-place mil-up\"><span>Leer M\u00e1s<\/span><\/span><\/span><\/p>\n","protected":false},"author":2,"featured_media":1603,"comment_status":"closed","ping_status":"open","sticky":false,"template":"","format":"standard","meta":{"_acf_changed":false,"footnotes":""},"categories":[1],"tags":[],"class_list":["post-1602","post","type-post","status-publish","format-standard","has-post-thumbnail","hentry","category-uncategorized"],"acf":[],"_links":{"self":[{"href":"https:\/\/canfrancpirineos2025wmtrc.com\/noticias\/index.php\/wp-json\/wp\/v2\/posts\/1602","targetHints":{"allow":["GET"]}}],"collection":[{"href":"https:\/\/canfrancpirineos2025wmtrc.com\/noticias\/index.php\/wp-json\/wp\/v2\/posts"}],"about":[{"href":"https:\/\/canfrancpirineos2025wmtrc.com\/noticias\/index.php\/wp-json\/wp\/v2\/types\/post"}],"author":[{"embeddable":true,"href":"https:\/\/canfrancpirineos2025wmtrc.com\/noticias\/index.php\/wp-json\/wp\/v2\/users\/2"}],"replies":[{"embeddable":true,"href":"https:\/\/canfrancpirineos2025wmtrc.com\/noticias\/index.php\/wp-json\/wp\/v2\/comments?post=1602"}],"version-history":[{"count":2,"href":"https:\/\/canfrancpirineos2025wmtrc.com\/noticias\/index.php\/wp-json\/wp\/v2\/posts\/1602\/revisions"}],"predecessor-version":[{"id":1607,"href":"https:\/\/canfrancpirineos2025wmtrc.com\/noticias\/index.php\/wp-json\/wp\/v2\/posts\/1602\/revisions\/1607"}],"wp:featuredmedia":[{"embeddable":true,"href":"https:\/\/canfrancpirineos2025wmtrc.com\/noticias\/index.php\/wp-json\/wp\/v2\/media\/1603"}],"wp:attachment":[{"href":"https:\/\/canfrancpirineos2025wmtrc.com\/noticias\/index.php\/wp-json\/wp\/v2\/media?parent=1602"}],"wp:term":[{"taxonomy":"category","embeddable":true,"href":"https:\/\/canfrancpirineos2025wmtrc.com\/noticias\/index.php\/wp-json\/wp\/v2\/categories?post=1602"},{"taxonomy":"post_tag","embeddable":true,"href":"https:\/\/canfrancpirineos2025wmtrc.com\/noticias\/index.php\/wp-json\/wp\/v2\/tags?post=1602"}],"curies":[{"name":"wp","href":"https:\/\/api.w.org\/{rel}","templated":true}]}}