{"id":1598,"date":"2025-04-02T15:22:19","date_gmt":"2025-04-02T15:22:19","guid":{"rendered":"https:\/\/canfrancpirineos2025wmtrc.com\/noticias\/?p=1598"},"modified":"2025-04-02T15:22:20","modified_gmt":"2025-04-02T15:22:20","slug":"el-campeonato-del-mundo-de-trail-running-canfrancpirineos-aspira-a-superar-el-record-de-participacion","status":"publish","type":"post","link":"https:\/\/canfrancpirineos2025wmtrc.com\/noticias\/index.php\/2025\/04\/02\/el-campeonato-del-mundo-de-trail-running-canfrancpirineos-aspira-a-superar-el-record-de-participacion\/","title":{"rendered":"El Campeonato del Mundo de Trail Running CanfrancPirineos aspira a superar el r\u00e9cord de participaci\u00f3n"},"content":{"rendered":"\n<p class=\"wp-block-paragraph\"><strong>Cuando apenas quedan seis meses para la inauguraci\u00f3n de la tercera edici\u00f3n del Campeonato del Mundo de Trail Running en CanfrancPirineos (Espa\u00f1a), las expectativas son inmejorables en cuanto a participaci\u00f3n y calidad. Se espera que m\u00e1s de 1.400 atletas procedentes de m\u00e1s de 75 pa\u00edses compitan por los ocho t\u00edtulos mundiales en juego.<\/strong><\/p>\n\n\n\n<p class=\"wp-block-paragraph\"><\/p>\n\n\n\n<p class=\"wp-block-paragraph\">La peque\u00f1a localidad de Canfranc, en el Pirineo de Arag\u00f3n (Espa\u00f1a), trabaja con intensidad para albergar del 24 al 28 del pr\u00f3ximo mes de septiembre la tercera edici\u00f3n del Campeonato del Mundo de Monta\u00f1a y Trail Running. Va a ser la primera ocasi\u00f3n en la que Espa\u00f1a y los Pirineos albergan uno de los eventos m\u00e1s destacados del calendario internacional de la especialidad. Canfranc, que apenas tiene 600 habitantes, est\u00e1 preparada para el gran desaf\u00edo.<\/p>\n\n\n\n<p class=\"wp-block-paragraph\"><\/p>\n\n\n\n<p class=\"wp-block-paragraph\">As\u00ed lo asegura su alcalde, Fernando S\u00e1nchez, quien a seis meses de la celebraci\u00f3n del gran acontecimiento se\u00f1ala que \u201cse est\u00e1n cumpliendo todos los pasos que hab\u00edamos marcado desde un inicio, todo va seg\u00fan lo previsto. Tambi\u00e9n en la parte econ\u00f3mica se van cumpliendo los compromisos de todas las administraciones y seguimos buscando nuevos patrocinadores y colaboradores privados que se sumen a esta gran empresa colectiva\u201d.<\/p>\n\n\n\n<p class=\"wp-block-paragraph\"><\/p>\n\n\n\n<p class=\"wp-block-paragraph\">Precisamente hace dos semanas el Gobierno de Espa\u00f1a a trav\u00e9s del Consejo Superior de Deportes anunci\u00f3 una subvenci\u00f3n de 400.000 euros para la organizaci\u00f3n del Campeonato, y se espera que en las pr\u00f3ximas semanas se hagan p\u00fablicas otras ayudas ya comprometidas. El Campeonato del Mundo CanfrancPirineos 2025 se organiza bajo el paraguas de World Athletics y la colaboraci\u00f3n de World Mountain Running Association (WMRA), la International Trail Running Association (ITRA), International Association of Ultrarunners (IAU), y la Real Federaci\u00f3n Espa\u00f1ola de Atletismo (RFEA).<\/p>\n\n\n\n<p class=\"wp-block-paragraph\"><\/p>\n\n\n\n<p class=\"wp-block-paragraph\">El director de Carreras de World Athletics, Alessio Punzi, se muestra entusiasmado con el Campeonato del Mundo de CanfrancPirineos. \u201cEstamos deseando que los mejores corredores de monta\u00f1a y trail del mundo compitan en Canfranc dentro de seis meses, durante la tercera edici\u00f3n del Campeonato Mundial de Carreras de Monta\u00f1a y Trail\u201d, ha se\u00f1alado. Punzi asegura que \u201ccon ocho t\u00edtulos de campe\u00f3n del mundo en juego, m\u00e1s dos para la categor\u00eda sub-20, no faltar\u00e1 emoci\u00f3n y entretenimiento en las dos carreras de trail y dos de monta\u00f1a que componen el programa. Los impresionantes paisajes de los Pirineos ser\u00e1n mucho m\u00e1s que el escenario perfecto: en este deporte, el paisaje es protagonista, y Arag\u00f3n ser\u00e1 un lugar inolvidable.<\/p>\n\n\n\n<p class=\"wp-block-paragraph\"><\/p>\n\n\n\n<p class=\"wp-block-paragraph\">Por su parte Sarah Rowell, en representaci\u00f3n de World Mountain Running Association (WMRA), International Trail Running Association (ITRA), International Association of Ultrarunners (IAU), afirma que \u201cla emoci\u00f3n y las expectativas son altas\u201d. Desde su larga experiencia en la organizaci\u00f3n de pruebas del m\u00e1ximo nivel, se\u00f1ala que \u201csabemos, por los Campeonatos Mundiales M\u00e1ster de Carreras de Monta\u00f1a del a\u00f1o pasado y por nuestras visitas a las instalaciones de Canfranc, que los cuatro recorridos reflejan la maravillosa orograf\u00eda de Arag\u00f3n y ser\u00e1n una aut\u00e9ntica prueba de fuego para las carreras de monta\u00f1a y trail. Sin duda, ser\u00e1n los mejores corredores de monta\u00f1a y trail los que suban al podio. Tras el \u00e9xito de las dos primeras ediciones del WMTRC, esperamos ver m\u00e1s equipos y atletas participando, y gracias a nuestra colaboraci\u00f3n con Alex Varela, el director del Mundial, su equipo y la Real Federaci\u00f3n Espa\u00f1ola de Corredores, confiamos plenamente en que el Campeonato se desarrollar\u00e1 con el m\u00e1ximo nivel\u201d.<\/p>\n\n\n\n<p class=\"wp-block-paragraph\"><\/p>\n\n\n\n<p class=\"wp-block-paragraph\">Alex Varela, por su parte, incide en la implicaci\u00f3n de los voluntarios de Canfranc en el Campeonato del Mundo, en el entusiasmo que existe en la localidad y en el alto nivel t\u00e9cnico de los circuitos en los que competir\u00e1n los atletas. \u201cEstamos hablando de recorridos de caracter\u00edsticas alpinas, que atraviesan algunas de las zonas m\u00e1s bellas del sur de Europa. Se trata de trayectos muy exigentes que van a exigir el m\u00e1ximo esfuerzo a los atletas que compitan en este Campeonato del Mundo.<\/p>\n\n\n\n<p class=\"wp-block-paragraph\"><\/p>\n\n\n\n<p class=\"wp-block-paragraph\">La tercera edici\u00f3n del Campeonato del Mundo de Monta\u00f1a y Trail Running CanfrancPirineos 2025 contar\u00e1 con la participaci\u00f3n de m\u00e1s de 1.400 atletas procedentes de m\u00e1s 70 pa\u00edses. En total se disputar\u00e1n cinco modalidades: &#8216;Uphill&#8217;, &#8216;Classic&#8217; y \u2018U20&#8242; en carreras de monta\u00f1a; y &#8216;ShortTrail&#8217; y &#8216;LongTrail&#8217; en trail running. Espa\u00f1a y el Pirineo, la segunda cordillera monta\u00f1osa m\u00e1s importante de Europa, albergar\u00e1n por primera vez en su historia este gran acontecimiento deportivo en la localidad de Canfranc, conocida mundialmente por su ic\u00f3nica Estaci\u00f3n Internacional de Ferrocarril, que est\u00e1 punto de cumplir cien a\u00f1os de historia.<\/p>\n","protected":false},"excerpt":{"rendered":"<p>Cuando apenas quedan seis meses para la inauguraci\u00f3n de la tercera edici\u00f3n del Campeonato del Mundo de Trail Running en.. <span class=\"mil-el-more\"><span class=\"mil-link mil-dark mil-arrow-place mil-up\"><span>Leer M\u00e1s<\/span><\/span><\/span><\/p>\n","protected":false},"author":2,"featured_media":1599,"comment_status":"closed","ping_status":"open","sticky":false,"template":"","format":"standard","meta":{"_acf_changed":false,"footnotes":""},"categories":[1],"tags":[],"class_list":["post-1598","post","type-post","status-publish","format-standard","has-post-thumbnail","hentry","category-uncategorized"],"acf":[],"_links":{"self":[{"href":"https:\/\/canfrancpirineos2025wmtrc.com\/noticias\/index.php\/wp-json\/wp\/v2\/posts\/1598","targetHints":{"allow":["GET"]}}],"collection":[{"href":"https:\/\/canfrancpirineos2025wmtrc.com\/noticias\/index.php\/wp-json\/wp\/v2\/posts"}],"about":[{"href":"https:\/\/canfrancpirineos2025wmtrc.com\/noticias\/index.php\/wp-json\/wp\/v2\/types\/post"}],"author":[{"embeddable":true,"href":"https:\/\/canfrancpirineos2025wmtrc.com\/noticias\/index.php\/wp-json\/wp\/v2\/users\/2"}],"replies":[{"embeddable":true,"href":"https:\/\/canfrancpirineos2025wmtrc.com\/noticias\/index.php\/wp-json\/wp\/v2\/comments?post=1598"}],"version-history":[{"count":1,"href":"https:\/\/canfrancpirineos2025wmtrc.com\/noticias\/index.php\/wp-json\/wp\/v2\/posts\/1598\/revisions"}],"predecessor-version":[{"id":1600,"href":"https:\/\/canfrancpirineos2025wmtrc.com\/noticias\/index.php\/wp-json\/wp\/v2\/posts\/1598\/revisions\/1600"}],"wp:featuredmedia":[{"embeddable":true,"href":"https:\/\/canfrancpirineos2025wmtrc.com\/noticias\/index.php\/wp-json\/wp\/v2\/media\/1599"}],"wp:attachment":[{"href":"https:\/\/canfrancpirineos2025wmtrc.com\/noticias\/index.php\/wp-json\/wp\/v2\/media?parent=1598"}],"wp:term":[{"taxonomy":"category","embeddable":true,"href":"https:\/\/canfrancpirineos2025wmtrc.com\/noticias\/index.php\/wp-json\/wp\/v2\/categories?post=1598"},{"taxonomy":"post_tag","embeddable":true,"href":"https:\/\/canfrancpirineos2025wmtrc.com\/noticias\/index.php\/wp-json\/wp\/v2\/tags?post=1598"}],"curies":[{"name":"wp","href":"https:\/\/api.w.org\/{rel}","templated":true}]}}