{"id":1593,"date":"2025-03-25T11:50:04","date_gmt":"2025-03-25T11:50:04","guid":{"rendered":"https:\/\/canfrancpirineos2025wmtrc.com\/noticias\/?p=1593"},"modified":"2025-03-25T11:53:46","modified_gmt":"2025-03-25T11:53:46","slug":"ibercaj-se-convierte-en-patrocinador-del-campeonato-del-mundo-canfrancpirineos2025","status":"publish","type":"post","link":"https:\/\/canfrancpirineos2025wmtrc.com\/noticias\/index.php\/2025\/03\/25\/ibercaj-se-convierte-en-patrocinador-del-campeonato-del-mundo-canfrancpirineos2025\/","title":{"rendered":"IBERCAJA se convierte en patrocinador del Campeonato del Mundo CanfrancPirineos2025"},"content":{"rendered":"\n<p class=\"wp-block-paragraph\"><a><strong>Ibercaja y la organizaci\u00f3n del Campeonato del Mundo de Monta\u00f1a y Trail Running, que se celebrar\u00e1 en Canfranc del 24 al 28 del pr\u00f3ximo mes de septiembre, han alcanzado un acuerdo por el cual la entidad bancaria se convierte en patrocinador del evento deportivo. La incorporaci\u00f3n de la entidad financiera reafirma su compromiso con los grandes acontecimientos que se celebran en Arag\u00f3n y refuerza la capacidad organizativa del Campeonato, que por primera vez desde que se instaur\u00f3 el formato unificado en 2021, se va a disputar en una localidad de apenas 600 habitantes.<\/strong><\/a><\/p>\n\n\n\n<p class=\"wp-block-paragraph\">Ibercaja ser\u00e1 patrocinador del Campeonato del Mundo de Monta\u00f1a y Trail Running CanfrancPirineos 2025, una de las grandes citas deportivas del a\u00f1o tanto en Arag\u00f3n como a nivel nacional. Va a ser la primera vez que Espa\u00f1a albergue un Mundial de esta disciplina, una de las que m\u00e1s ha crecido en n\u00famero de practicantes y federados en todo el mundo en los \u00faltimos a\u00f1os bajo los auspicios de la Federaci\u00f3n Internacional de Atletismo.<\/p>\n\n\n\n<p class=\"wp-block-paragraph\"><\/p>\n\n\n\n<p class=\"wp-block-paragraph\">El Campeonato del Mundo de Canfranc cuenta con el respaldo del Consejo Superior de Deportes (CSD), Gobierno de Arag\u00f3n, Diputaci\u00f3n Provincial de Huesca (DPH), Ayuntamiento de Canfranc y la Real Federaci\u00f3n Espa\u00f1ola de Atletismo (RFEA).<\/p>\n\n\n\n<p class=\"wp-block-paragraph\"><\/p>\n\n\n\n<p class=\"wp-block-paragraph\">La incorporaci\u00f3n de la entidad bancaria ha sido valorada muy positivamente por el alcalde de Canfranc, Fernando S\u00e1nchez, quien ha se\u00f1alado que \u201cel compromiso de Ibercaja con el Campeonato del Mundo es muy importante para nosotros porque se trata de un aval a uno de los grandes eventos deportivos que se van a celebrar en Arag\u00f3n y en Espa\u00f1a durante este a\u00f1o. Ibercaja es una de las entidades m\u00e1s representativas de nuestra Comunidad Aut\u00f3noma y su implicaci\u00f3n va a ser una garant\u00eda m\u00e1s para que el Campeonato sea un \u00e9xito\u201d.<\/p>\n\n\n\n<p class=\"wp-block-paragraph\"><\/p>\n\n\n\n<p class=\"wp-block-paragraph\">S\u00e1nchez ha recordado adem\u00e1s que existe \u201cun gran compromiso por parte de las administraciones p\u00fablicas pero el apoyo de las entidades privadas es fundamental para este Mundial, que va a ser muy especial porque en muy pocas ocasiones se ha hecho en el \u00e1mbito rural en un pueblo tan peque\u00f1o\u201d.<\/p>\n\n\n\n<p class=\"wp-block-paragraph\"><\/p>\n\n\n\n<p class=\"wp-block-paragraph\">La responsable de Patrocinios de Ibercaja, Mar\u00eda Frago, ha se\u00f1alado que \u201cestamos encantados de poder colaborar en un evento deportivo como el Campeonato del Mundo de Monta\u00f1a y Trail Running. El apoyo a este campeonato es una muestra m\u00e1s del compromiso hist\u00f3rico de Ibercaja con el desarrollo y crecimiento de este territorio y con su sociedad. Que Canfranc acoja una prueba como esta supone una oportunidad de proyecci\u00f3n al exterior de la belleza de esta localidad, sus alrededores, sus monta\u00f1as y principalmente de su gente, quienes ofrecer\u00e1n, como no puede ser de otra manera, una acogida de excepci\u00f3n a los participantes corredores, amigos y familiares que, sin ninguna duda, har\u00e1n de su estancia una experiencia inolvidable\u201d.<\/p>\n\n\n\n<p class=\"wp-block-paragraph\"><\/p>\n\n\n\n<p class=\"wp-block-paragraph\">El Campeonato del Mundo de Monta\u00f1a y Trail Running CanfrancPirineos 2025 contar\u00e1 con la participaci\u00f3n de m\u00e1s de 1.300 atletas procedentes de 70 pa\u00edses. En las monta\u00f1as de Canfranc competir\u00e1n los mejores corredores del mundo en un campeonato que se organiza bajo el paraguas de World Athletics, World Mountain Running Association (WMRA), y la colaboraci\u00f3n de International Trail Running Association (ITRA), International Association of Ultrarunners (IAU), y la Real Federaci\u00f3n Espa\u00f1ola de Atletismo (RFEA). En total se disputar\u00e1n cinco modalidades: &#8216;Uphill&#8217;, &#8216;Classic&#8217; y \u2018U20&#8242; en carreras de monta\u00f1a; y &#8216;ShortTrail&#8217; y &#8216;LongTrail&#8217; en trail running. &nbsp;<\/p>\n\n\n\n<p class=\"wp-block-paragraph\"><\/p>\n","protected":false},"excerpt":{"rendered":"<p>Ibercaja y la organizaci\u00f3n del Campeonato del Mundo de Monta\u00f1a y Trail Running, que se celebrar\u00e1 en Canfranc del 24.. <span class=\"mil-el-more\"><span class=\"mil-link mil-dark mil-arrow-place mil-up\"><span>Leer M\u00e1s<\/span><\/span><\/span><\/p>\n","protected":false},"author":2,"featured_media":1594,"comment_status":"closed","ping_status":"open","sticky":false,"template":"","format":"standard","meta":{"_acf_changed":false,"footnotes":""},"categories":[1],"tags":[],"class_list":["post-1593","post","type-post","status-publish","format-standard","has-post-thumbnail","hentry","category-uncategorized"],"acf":[],"_links":{"self":[{"href":"https:\/\/canfrancpirineos2025wmtrc.com\/noticias\/index.php\/wp-json\/wp\/v2\/posts\/1593","targetHints":{"allow":["GET"]}}],"collection":[{"href":"https:\/\/canfrancpirineos2025wmtrc.com\/noticias\/index.php\/wp-json\/wp\/v2\/posts"}],"about":[{"href":"https:\/\/canfrancpirineos2025wmtrc.com\/noticias\/index.php\/wp-json\/wp\/v2\/types\/post"}],"author":[{"embeddable":true,"href":"https:\/\/canfrancpirineos2025wmtrc.com\/noticias\/index.php\/wp-json\/wp\/v2\/users\/2"}],"replies":[{"embeddable":true,"href":"https:\/\/canfrancpirineos2025wmtrc.com\/noticias\/index.php\/wp-json\/wp\/v2\/comments?post=1593"}],"version-history":[{"count":2,"href":"https:\/\/canfrancpirineos2025wmtrc.com\/noticias\/index.php\/wp-json\/wp\/v2\/posts\/1593\/revisions"}],"predecessor-version":[{"id":1596,"href":"https:\/\/canfrancpirineos2025wmtrc.com\/noticias\/index.php\/wp-json\/wp\/v2\/posts\/1593\/revisions\/1596"}],"wp:featuredmedia":[{"embeddable":true,"href":"https:\/\/canfrancpirineos2025wmtrc.com\/noticias\/index.php\/wp-json\/wp\/v2\/media\/1594"}],"wp:attachment":[{"href":"https:\/\/canfrancpirineos2025wmtrc.com\/noticias\/index.php\/wp-json\/wp\/v2\/media?parent=1593"}],"wp:term":[{"taxonomy":"category","embeddable":true,"href":"https:\/\/canfrancpirineos2025wmtrc.com\/noticias\/index.php\/wp-json\/wp\/v2\/categories?post=1593"},{"taxonomy":"post_tag","embeddable":true,"href":"https:\/\/canfrancpirineos2025wmtrc.com\/noticias\/index.php\/wp-json\/wp\/v2\/tags?post=1593"}],"curies":[{"name":"wp","href":"https:\/\/api.w.org\/{rel}","templated":true}]}}