{"id":1563,"date":"2025-01-21T06:22:14","date_gmt":"2025-01-21T06:22:14","guid":{"rendered":"https:\/\/canfrancpirineos2025wmtrc.com\/noticias\/?p=1563"},"modified":"2025-03-18T18:38:26","modified_gmt":"2025-03-18T18:38:26","slug":"el-campeonato-del-mundo-de-montana-y-trail-running-de-canfranc-2025-se-presenta-en-fitur","status":"publish","type":"post","link":"https:\/\/canfrancpirineos2025wmtrc.com\/noticias\/index.php\/2025\/01\/21\/el-campeonato-del-mundo-de-montana-y-trail-running-de-canfranc-2025-se-presenta-en-fitur\/","title":{"rendered":"El Campeonato del Mundo CanfrancPirineos 2025 se presenta en FITUR"},"content":{"rendered":"\n<p class=\"wp-block-paragraph\"><strong>La actividad en el stand de Arag\u00f3n en FITUR, la feria de turismo m\u00e1s importante del mundo que se ha inaugurado esta ma\u00f1ana en Madrid, se ha abierto con la presentaci\u00f3n del Mundial de CanfrancPirineos, que se celebrar\u00e1 del 25 al 28 del pr\u00f3ximo mes de septiembre. En la presentaci\u00f3n han participado el alcalde de Canfranc, Fernando S\u00e1nchez, el presidente de la Real Federaci\u00f3n Espa\u00f1ola de Atletismo, Ra\u00fal Chapado, la directora general de Deportes del Gobierno de Arag\u00f3n, Cristina Garc\u00eda; y el director del Mundial, Alex Varela.<\/strong><\/p>\n\n\n\n<p class=\"wp-block-paragraph\">\u201cEs una gran oportunidad para que una peque\u00f1a localidad del mundo rural pueda demostrar que est\u00e1 capacitada para organizar un evento internacional de gran envergadura\u201d. As\u00ed ha querido resumir el alcalde de Canfranc, Fernando S\u00e1nchez, el esp\u00edritu que alimenta la organizaci\u00f3n del Campeonato del Mundo de Monta\u00f1a y Trail Running, que se va a celebrar en esta localidad del Pirineo aragon\u00e9s del 25 al 28 del pr\u00f3ximo mes de septiembre. A la cita se espera que acudan m\u00e1s de 1.300 atletas procedentes de 70 pa\u00edses.<\/p>\n\n\n\n<p class=\"wp-block-paragraph\">Las dimensiones del reto, la experiencia de Canfranc en la organizaci\u00f3n de carreras de monta\u00f1a, el entusiasmo de los habitantes del territorio y la implicaci\u00f3n de las instituciones, tanto a nivel nacional como regional, provincial, comarcal y local, han conformado el eje de las intervenciones realizadas esta ma\u00f1ana en la feria de turismo FITUR. Precisamente la directora general de Deportes del Gobierno de Arag\u00f3n, Cristina Garc\u00eda, ha destacado la importancia del deporte \u201ccomo un eje transversal que debe servir tambi\u00e9n para promocionar el territorio como destino tur\u00edstico y proyectar todas las potencialidades que tiene nuestra regi\u00f3n. El deporte es salud, actividad f\u00edsica pero tambi\u00e9n una plataforma de desarrollo tur\u00edstico de nuestra Comunidad Aut\u00f3noma\u201d.<\/p>\n\n\n\n<p class=\"wp-block-paragraph\">Ra\u00fal Chapado, presidente de la Real Federaci\u00f3n Espa\u00f1ola de Atletismo, ha incidido en el mismo aspecto al afirmar que el Mundial de Canfranc va a suponer \u201cun antes y un despu\u00e9s en t\u00e9rminos deportivos, tur\u00edsticos y de impacto econ\u00f3mico\u201d. Chapado, que es uno de los cuatro vicepresidentes de World Athletics, organismo que rige los destinos del atletismo mundial, ha recordado que \u201cel Trail running est\u00e1 creciendo casi el 21% en participaci\u00f3n a nivel mundial. Espa\u00f1a es una potencia tanto a nivel organizativo como deportivo. World Athletics est\u00e1 muy contenta de haber confiado en Espa\u00f1a y en Canfranc para la organizaci\u00f3n de este Mundial y nuestro reto ahora es ofrecer una magn\u00edfica experiencia a todos los pa\u00edses que van a tener representaci\u00f3n\u201d.<\/p>\n\n\n\n<p class=\"wp-block-paragraph\">Por su parte el director del Mundial, Alex Varela, ha reconocido que este campeonato es lo m\u00e1ximo a lo que puede aspirar una organizaci\u00f3n deportiva de Trail. \u201cCanfranc se va a situar en el centro mundial de esta disciplina y van a descubrir un entorno maravilloso que estoy seguro les va a encantar\u201d, ha indicado. A falta de ocho meses para la organizaci\u00f3n del Campeonato del Mundo, Varela se muestra convencido de la solvencia de Canfranc: \u201chay aspectos sobre los que no podemos hacer nada, como la meteorolog\u00eda, pero en aquellos en los que s\u00ed que tenemos plena responsabilidad y que siempre representan un desaf\u00edo en cualquier evento deportivo, como el transporte o la log\u00edstica, estamos trabajando a conciencia para que funcionen sin problemas cuando lleguen en septiembre a Canfranc los m\u00e1s de 1.300 atletas y delegados acreditados\u201d.<\/p>\n\n\n\n<p class=\"wp-block-paragraph\">El Campeonato del Mundo de Monta\u00f1a y Trail Running CanfrancPirineos 2025 va a ser el acontecimiento deportivo m\u00e1s importante que se celebre en Arag\u00f3n durante 2025. Participar\u00e1n m\u00e1s de 1.300 atletas procedentes de 70 pa\u00edses. En las monta\u00f1as de Canfranc competir\u00e1n los mejores corredores del mundo en un campeonato que se organiza bajo el paraguas de World Athletics, World Mountain Running Association (WMRA), International Trail Running Association (ITRA), International Association of Ultrarunners (IAU), y la Real Federaci\u00f3n Espa\u00f1ola de Atletismo (RFEA). En total se disputar\u00e1n cinco modalidades: &#8216;Uphill&#8217;, &#8216;Classic&#8217; y \u2018U20&#8242; en carreras de monta\u00f1a; y &#8216;ShortTrail&#8217; y &#8216;LongTrail&#8217; en trail running. &nbsp;<\/p>\n","protected":false},"excerpt":{"rendered":"<p>La actividad en el stand de Arag\u00f3n en FITUR, la feria de turismo m\u00e1s importante del mundo que se ha.. <span class=\"mil-el-more\"><span class=\"mil-link mil-dark mil-arrow-place mil-up\"><span>Leer M\u00e1s<\/span><\/span><\/span><\/p>\n","protected":false},"author":2,"featured_media":1564,"comment_status":"closed","ping_status":"open","sticky":false,"template":"","format":"standard","meta":{"_acf_changed":false,"footnotes":""},"categories":[23],"tags":[29,27,28],"class_list":["post-1563","post","type-post","status-publish","format-standard","has-post-thumbnail","hentry","category-espanol","tag-canfrancpirineos2025","tag-fitur","tag-wmtrc2025"],"acf":[],"_links":{"self":[{"href":"https:\/\/canfrancpirineos2025wmtrc.com\/noticias\/index.php\/wp-json\/wp\/v2\/posts\/1563","targetHints":{"allow":["GET"]}}],"collection":[{"href":"https:\/\/canfrancpirineos2025wmtrc.com\/noticias\/index.php\/wp-json\/wp\/v2\/posts"}],"about":[{"href":"https:\/\/canfrancpirineos2025wmtrc.com\/noticias\/index.php\/wp-json\/wp\/v2\/types\/post"}],"author":[{"embeddable":true,"href":"https:\/\/canfrancpirineos2025wmtrc.com\/noticias\/index.php\/wp-json\/wp\/v2\/users\/2"}],"replies":[{"embeddable":true,"href":"https:\/\/canfrancpirineos2025wmtrc.com\/noticias\/index.php\/wp-json\/wp\/v2\/comments?post=1563"}],"version-history":[{"count":2,"href":"https:\/\/canfrancpirineos2025wmtrc.com\/noticias\/index.php\/wp-json\/wp\/v2\/posts\/1563\/revisions"}],"predecessor-version":[{"id":1591,"href":"https:\/\/canfrancpirineos2025wmtrc.com\/noticias\/index.php\/wp-json\/wp\/v2\/posts\/1563\/revisions\/1591"}],"wp:featuredmedia":[{"embeddable":true,"href":"https:\/\/canfrancpirineos2025wmtrc.com\/noticias\/index.php\/wp-json\/wp\/v2\/media\/1564"}],"wp:attachment":[{"href":"https:\/\/canfrancpirineos2025wmtrc.com\/noticias\/index.php\/wp-json\/wp\/v2\/media?parent=1563"}],"wp:term":[{"taxonomy":"category","embeddable":true,"href":"https:\/\/canfrancpirineos2025wmtrc.com\/noticias\/index.php\/wp-json\/wp\/v2\/categories?post=1563"},{"taxonomy":"post_tag","embeddable":true,"href":"https:\/\/canfrancpirineos2025wmtrc.com\/noticias\/index.php\/wp-json\/wp\/v2\/tags?post=1563"}],"curies":[{"name":"wp","href":"https:\/\/api.w.org\/{rel}","templated":true}]}}